{"status":"ok","message-type":"work","message-version":"1.0.0","message":{"indexed":{"date-parts":[[2025,7,30]],"date-time":"2025-07-30T15:13:22Z","timestamp":1753888402021,"version":"3.41.2"},"reference-count":29,"publisher":"FapUNIFESP (SciELO)","issue":"spe","license":[{"start":{"date-parts":[[2021,1,1]],"date-time":"2021-01-01T00:00:00Z","timestamp":1609459200000},"content-version":"vor","delay-in-days":0,"URL":"http:\/\/creativecommons.org\/licenses\/by\/4.0\/"},{"start":{"date-parts":[[2021,1,1]],"date-time":"2021-01-01T00:00:00Z","timestamp":1609459200000},"content-version":"am","delay-in-days":0,"URL":"http:\/\/creativecommons.org\/licenses\/by\/4.0\/"},{"start":{"date-parts":[[2021,1,1]],"date-time":"2021-01-01T00:00:00Z","timestamp":1609459200000},"content-version":"tdm","delay-in-days":0,"URL":"http:\/\/creativecommons.org\/licenses\/by\/4.0\/"}],"content-domain":{"domain":[],"crossmark-restriction":false},"short-container-title":["Esc. Anna Nery"],"abstract":"<jats:p>Resumo  Objetivo identificar e analisar medidas de prote\u00e7\u00e3o \u00e0 crian\u00e7a\/adolescente vulner\u00e1vel \u00e0 viol\u00eancia na epidemia de COVID-19 no Brasil e em Portugal.  M\u00e9todo implementou-se a pesquisa documental de diretrizes governamentais expedidas entre mar\u00e7o e setembro de 2020. A an\u00e1lise hermen\u00eautica fundamentou-se nos preceitos da vulnerabilidade em sa\u00fade e da defesa do melhor interesse de crian\u00e7as\/adolescentes.  Resultados recomendaram-se a\u00e7\u00f5es articuladas de apoio e parcerias nacionais, locais e interinstitucionais; atua\u00e7\u00e3o multiprofissional, intra\/intersetorial como medidas de prote\u00e7\u00e3o \u00e0 crian\u00e7a\/adolescente vulner\u00e1veis \u00e0 viol\u00eancia intrafamiliar. Destacam-se o est\u00edmulo a notifica\u00e7\u00e3o, investiga\u00e7\u00e3o, interven\u00e7\u00e3o e acompanhamento de casos. Constatam-se investimentos dos pa\u00edses na amplia\u00e7\u00e3o de canais de teleatendimento e est\u00edmulo \u00e0 den\u00fancias pela sociedade e redes sociais. Contudo, h\u00e1 ind\u00edcios de poucos registros de casos, justificado pelas campanhas publicit\u00e1rias em Portugal que incentivaram den\u00fancias aos \u00f3rg\u00e3os respons\u00e1veis. A prote\u00e7\u00e3o \u00e0 renda e ao trabalho dos provedores da fam\u00edlia durante o isolamento social e momento de suspens\u00e3o das aulas presenciais teve a inten\u00e7\u00e3o de proteg\u00ea-los da inseguran\u00e7a alimentar e do cont\u00e1gio da doen\u00e7a.  Conclus\u00e3o documentos determinaram a\u00e7\u00f5es para institui\u00e7\u00f5es, profissionais de sa\u00fade, familiares e sociedade no enfrentamento da viol\u00eancia intrafamiliar. Na pandemia de COVID-19, \u00e9 dever do Estado seguir protegendo o direito \u00e0 vida e \u00e0 dignidade da crian\u00e7a e adolescente.<\/jats:p>","DOI":"10.1590\/2177-9465-ean-2021-0045","type":"journal-article","created":{"date-parts":[[2021,7,19]],"date-time":"2021-07-19T12:18:08Z","timestamp":1626697088000},"source":"Crossref","is-referenced-by-count":4,"title":["Diretrizes brasileiras e portuguesas de prote\u00e7\u00e3o \u00e0 crian\u00e7a vulner\u00e1vel \u00e0 viol\u00eancia na pandemia de COVID-19"],"prefix":"10.1590","volume":"25","author":[{"ORCID":"https:\/\/orcid.org\/0000-0002-1522-9516","authenticated-orcid":false,"given":"Ivone Evangelista","family":"Cabral","sequence":"first","affiliation":[{"name":"Universidade do Estado do Rio de Janeiro,  Brasil; Universidade Federal do Rio de Janeiro,  Brasil"}]},{"ORCID":"https:\/\/orcid.org\/0000-0002-2492-5791","authenticated-orcid":false,"given":"Lia Le\u00e3o","family":"Ciuffo","sequence":"additional","affiliation":[{"name":"Universidade Federal do Rio de Janeiro,  Brasil"}]},{"ORCID":"https:\/\/orcid.org\/0000-0002-4093-0291","authenticated-orcid":false,"given":"M\u00e1rcia Pestana","family":"Santos","sequence":"additional","affiliation":[{"name":"Centro Hospitalar e Universit\u00e1rio de Coimbra,  Portugal; Escola Superior de Enfermagem de Coimbra,  Portugal"}]},{"ORCID":"https:\/\/orcid.org\/0000-0002-9386-2974","authenticated-orcid":false,"given":"Yan do Rosario","family":"Nunes","sequence":"additional","affiliation":[{"name":"Universidade Federal do Rio de Janeiro,  Brasil"}]},{"ORCID":"https:\/\/orcid.org\/0000-0003-1505-5496","authenticated-orcid":false,"given":"Maria de Lurdes","family":"Lomba","sequence":"additional","affiliation":[{"name":"Escola Superior de Enfermagem de Coimbra,  Portugal"}]}],"member":"530","published-online":{"date-parts":[[2021]]},"reference":[{"year":"2020","series-title":"Global status report on preventing violence against children","key":"ref1"},{"year":"2020","series-title":"Protecting children from the violence during the time of COVID-19: disruptions in prevention and response services","key":"ref2"},{"year":"2020","series-title":"Educa\u00e7\u00e3o: da interrup\u00e7\u00e3o \u00e0 recupera\u00e7\u00e3o","key":"ref3"},{"year":"2020","series-title":"Injustices confronted by children & youth during the COVID-19 pandemic","author":"Campbell S","key":"ref4"},{"year":"2020","series-title":"Covid-19: Cai n\u00famero de den\u00fancias de viola\u00e7\u00f5es contra crian\u00e7as e adolescentes no Disque 100","key":"ref5"},{"first-page":"42","year":"2020","series-title":"Disque Direitos Humanos. Relat\u00f3rio 2019","key":"ref6"},{"year":"2020","series-title":"Estat\u00edsticas APAV. Relat\u00f3rio Anual 2019","key":"ref7"},{"series-title":"Instituto da Seguran\u00e7a Social. Relat\u00f3rio CASA 2019","key":"ref8"},{"year":"2020","series-title":"Pa\u00edses est\u00e3o falhando em prevenir viol\u00eancia contra crian\u00e7as, alertam ag\u00eancias","key":"ref9"},{"year":"2017","series-title":"Estatuto da crian\u00e7a e do adolescente.","key":"ref10"},{"issue":"2","key":"ref11","doi-asserted-by":"crossref","first-page":"229","DOI":"10.1590\/S1414-49802010000200010","article-title":"Sistema de protec\u00e7\u00e3o \u00e0 inf\u00e2ncia em Portugal \u2013 Uma \u00e1rea de interven\u00e7\u00e3o e estudo do Servi\u00e7o Social","volume":"13","author":"Ferreira JM","year":"2010","journal-title":"Rev. Kat\u00e1l"},{"issue":"1","key":"ref12","first-page":"1","article-title":"Pesquisa documental: pistas te\u00f3ricas e metodol\u00f3gicas","volume":"1","author":"S\u00e1-Silva JR","year":"2009","journal-title":"Rev Bras Hist\u00f3ria Ci\u00eancias Sociais."},{"issue":"14","key":"ref13","first-page":"1","article-title":"Introdu\u00e7\u00e3o \u00e0 hermen\u00eautica de Paul Ricoeur","volume":"36","author":"Fonseca MJM","year":"2009","journal-title":"Millenium Journal of Education, Technologies, and Health"},{"issue":"53","key":"ref14","doi-asserted-by":"crossref","first-page":"237","DOI":"10.1590\/1807-57622014.0436","article-title":"O conceito de vulnerabilidade e seu car\u00e1ter biossocial","volume":"19","author":"Malag\u00f3n-Oviedo RA","year":"2015","journal-title":"Interface (Botucatu)"},{"issue":"6","key":"ref15","doi-asserted-by":"crossref","first-page":"1001","DOI":"10.2105\/AJPH.2004.060905","article-title":"Vulnerability, Human Rights, and Comprehensive Health Care Needs of Young People Living With HIV\/AIDS","volume":"96","author":"Ayres JR","year":"2006","journal-title":"Am J Public Health"},{"issue":"4","key":"ref16","doi-asserted-by":"crossref","first-page":"299","DOI":"10.1590\/s0104-12902019190232","article-title":"A aprova\u00e7\u00e3o da Resolu\u00e7\u00e3o CNS n\u00ba 510\/2016 \u00e9 um avan\u00e7o para a ci\u00eancia brasileira","volume":"28","author":"Guerriero ICZ","year":"2019","journal-title":"Saude Soc"},{"issue":"43","key":"ref17","doi-asserted-by":"crossref","first-page":"387","DOI":"10.26512\/ser_social.v20i43.18867","article-title":"(in) visibilidade das crian\u00e7as na viol\u00eancia dom\u00e9stica em Portugal","volume":"20","author":"Tom\u00e1s CA","year":"2018","journal-title":"SER Social"},{"issue":"4","key":"ref18","doi-asserted-by":"crossref","first-page":"549","DOI":"10.1111\/inm.12735","article-title":"Family violence and COVID-19: Increased vulnerability and reduced options for support","volume":"29","author":"Usher K","year":"2020","journal-title":"Int J Ment Health Nurs"},{"year":"2020","series-title":"Nota T\u00e9cnica: Prote\u00e7\u00e3o da Crian\u00e7a durante a Pandemia do Coronav\u00edrus, Vers\u00e3o 1","key":"ref19"},{"key":"ref20","article-title":"Autoridade parental e lei da palmada","author":"Souza IA","year":"2018","journal-title":"RBDCivil"},{"year":"2002","series-title":"World report on violence and health","key":"ref21"},{"key":"ref22","doi-asserted-by":"crossref","first-page":"343","DOI":"10.1590\/0034-7167-2018-0463","article-title":"Interfaces of vulnerability dimensions in violence against children","volume":"72","author":"Hino P","year":"2019","journal-title":"Rev Bras Enferm"},{"key":"ref23","doi-asserted-by":"crossref","DOI":"10.1590\/1984-0462\/2021\/39\/2020267","article-title":"Violence against children and adolescents: notification and alert in times of pandemic","volume":"39","author":"Platt VB","year":"2021","journal-title":"Rev Paul Pediatr"},{"issue":"7","key":"ref24","doi-asserted-by":"crossref","DOI":"10.1016\/S2468-2667(20)30143-2","article-title":"Spotlight on child abuse and neglect response in the time of COVID-19","volume":"5","author":"Thomas EY","year":"2020","journal-title":"Lancet Public Health"},{"issue":"6","key":"ref25","doi-asserted-by":"crossref","DOI":"10.1016\/S2468-2667(20)30112-2","article-title":"COVID-19: a public health approach to manage domestic violence is needed","volume":"5","author":"Chandan JS","year":"2020","journal-title":"Lancet Public Health"},{"year":"2020","series-title":"Joint Leaders\u2019 statement - violence against children: a hidden crisis of the COVID-19 pandemic","key":"ref26"},{"issue":"3","key":"ref27","article-title":"The concept of vulnerability and its meanings for public policies in health and social welfare","volume":"34","author":"Carmo ME","year":"2018","journal-title":"Cad. Sa\u00fade P\u00fablica"},{"issue":"10230","key":"ref28","doi-asserted-by":"crossref","first-page":"1089","DOI":"10.1016\/S0140-6736(20)30757-1","article-title":"Redefining vulnerability in the era of COVID-19","volume":"395","year":"2020","journal-title":"The Lancet"},{"key":"ref29","doi-asserted-by":"crossref","first-page":"40","DOI":"10.1186\/s13034-020-00347-1","article-title":"Family violence against children in the wake of COVID-19 pandemic: a review of current perspectives and risk factors","volume":"14","author":"Pereda N","year":"2020","journal-title":"Child Adolesc Psychiatry Ment Health"}],"container-title":["Escola Anna Nery"],"original-title":[],"link":[{"URL":"http:\/\/www.scielo.br\/pdf\/ean\/v25nspe\/1414-8145-ean-25-spe-e20210045.pdf","content-type":"unspecified","content-version":"vor","intended-application":"similarity-checking"}],"deposited":{"date-parts":[[2023,5,26]],"date-time":"2023-05-26T11:04:55Z","timestamp":1685099095000},"score":1,"resource":{"primary":{"URL":"http:\/\/www.scielo.br\/scielo.php?script=sci_arttext&pid=S1414-81452021000500208&tlng=pt"}},"subtitle":[],"short-title":[],"issued":{"date-parts":[[2021]]},"references-count":29,"journal-issue":{"issue":"spe","published-online":{"date-parts":[[2021]]}},"alternative-id":["S1414-81452021000500208"],"URL":"https:\/\/doi.org\/10.1590\/2177-9465-ean-2021-0045","relation":{},"ISSN":["2177-9465","1414-8145"],"issn-type":[{"type":"electronic","value":"2177-9465"},{"type":"print","value":"1414-8145"}],"subject":[],"published":{"date-parts":[[2021]]},"article-number":"e20210045"}}