{"status":"ok","message-type":"work","message-version":"1.0.0","message":{"indexed":{"date-parts":[[2023,3,27]],"date-time":"2023-03-27T12:54:17Z","timestamp":1679921657881},"reference-count":26,"publisher":"FapUNIFESP (SciELO)","issue":"2","content-domain":{"domain":[],"crossmark-restriction":false},"short-container-title":["Rev. Direito Pr\u00e1x."],"abstract":"<jats:p>Resumo  H\u00e1 50 anos, em Maio de Junho de 1968, teve lugar a maior greve geral da hist\u00f3ria da Europa. Esta representa um marco na hist\u00f3ria da Europa e do Mundo. Na Europa, trata-se de uma revolu\u00e7\u00e3o num pa\u00eds capitalista avan\u00e7ado, que une trabalho manual a intelectual e, pela primeira vez desde a Guerra, coloca em causa a hegemonia dos partidos pr\u00f3 URSS na direc\u00e7\u00e3o da classe trabalhadora. No mundo, o Maio de 68 representa uma \u00e9poca hist\u00f3rica marcada pelo protagonismo de lutas sociais que colocaram os \u201cde baixo\u201d no epicentro do processo hist\u00f3rico: Berkeley, Londres, M\u00e9xico, Praga, Turim e Paris. Neste artigo olhamos os acontecimentos nas cidades europeias, e como eles marcaram uma \u00e9poca no s\u00e9culo XX.<\/jats:p>","DOI":"10.1590\/2179-8966\/2018\/33600","type":"journal-article","created":{"date-parts":[[2018,6,22]],"date-time":"2018-06-22T17:47:30Z","timestamp":1529689650000},"page":"969-991","source":"Crossref","is-referenced-by-count":1,"title":["O Maio de 68 na Europa \u2013 Estado e Revolu\u00e7\u00e3o"],"prefix":"10.1590","volume":"9","author":[{"given":"Raquel","family":"Varela","sequence":"first","affiliation":[{"name":"Universidade Nova de Lisboa,  Portugal"}]},{"given":"Roberto","family":"della Santa","sequence":"additional","affiliation":[{"name":"Universidade Federal do Rio de Janeiro,  Brasil"}]}],"member":"530","published-online":{"date-parts":[[2018,6]]},"reference":[{"key":"ref1","author":"BIANCHI \u00c1lvaro","year":"2008"},{"issue":"n. 50","key":"ref2","first-page":"3","article-title":"Componentes of National Culture","author":"ANDERSON Perry","year":"1968","journal-title":"New Left Review"},{"key":"ref3","series-title":"Modern Times, Ancient Hours, Working Lives in the Twenty-first Century","author":"BASSO Pietro","year":"2003"},{"key":"ref4","series-title":"O Segundo Sexo","volume":"II e II","author":"BEAUVOIR Simone","year":"2015"},{"key":"ref5","series-title":"Revolutionary Rehearsals","volume-title":"France 1968. \u201cAll Power to the Imagination","author":"BIRCHALL Ian","year":"1987"},{"key":"ref6","series-title":"Alte Linke \u2013 Neue Linke? Die Sozialen Kampfe der 1968er Jahre in der Diskussion","author":"BIRKE Peter","year":"2009"},{"key":"ref7","series-title":"La France invisible","first-page":"561","volume-title":"De la pr\u00e9carisation de l\u2019emploi \u00e0 la pr\u00e9carisation du travail: la nouvelle condition salarial","author":"BRAUD St\u00e9phane","year":"2006"},{"key":"ref8","series-title":"Mulheres, Ra\u00e7a e Classe","author":"DAVIS Angela","year":"2016"},{"key":"ref9","year":"1969"},{"key":"ref10","first-page":"12","year":"1974"},{"key":"ref11","series-title":"Mulher, Estado e Revolu\u00e7\u00e3o","first-page":"79","author":"GOLDMAN Wendy","year":"2014"},{"key":"ref12","series-title":"A People\u2019s History of the World","first-page":"580","author":"HARMAN Chris","year":"1999"},{"key":"ref13","series-title":"The Fire last Time","author":"HARMAN Chris","year":"2000"},{"key":"ref14","article-title":"\u00abMartin Luther King\u2019s Revolution\u00bb","author":"JONES Brian","year":"2017","journal-title":"Jacobin"},{"issue":"43","key":"ref15","first-page":"3","article-title":"\u00abStudent Power: What is to be Done?\u00bb","author":"JONES Gareth Stedman","year":"1967","journal-title":"New Left Review"},{"key":"ref16","series-title":"A Insustent\u00e1vel Leveza do Ser","first-page":"218","author":"KUNDERA Milan","year":"1986"},{"key":"ref17","series-title":"A Esperan\u00e7a","author":"MALRAUX Andr\u00e9","year":"2007"},{"key":"ref18","series-title":"RTP","year":"1975"},{"key":"ref19","first-page":"31","article-title":"\u00abA Letter\u00bb","author":"PELIK\u00c1N Jiri","year":"1972","journal-title":"The New York Review of Books"},{"issue":"1","key":"ref20","article-title":"\u00abTowards a Political Economy of the USSR\u00bb","author":"PELIK\u00c1N Jiri","year":"1973","journal-title":"Critique"},{"key":"ref21","series-title":"Hist\u00f3ria do Povo na Europa Moderna","first-page":"355","author":"PELZ William","year":"2016"},{"key":"ref22","series-title":"The Imaginary Revolution: Parisian Students and Workers in 1968","author":"SEIDMAN Michael","year":"2004"},{"key":"ref23","series-title":"Strikes in France 1830-1968","author":"SHORTER Edward","year":"1974"},{"key":"ref24","series-title":"Timeline","year":"2008"},{"key":"ref25","series-title":"In The World Since 1945","author":"VADNEY T.E.","year":"1998"},{"issue":"53","key":"ref26","first-page":"23","article-title":"\u00abTwo Tatics","author":"WILCOX James","year":"1969","journal-title":"New Left Review"}],"container-title":["Revista Direito e Pr\u00e1xis"],"original-title":[],"link":[{"URL":"http:\/\/www.scielo.br\/pdf\/rdp\/v9n2\/2179-8966-rdp-09-02-969.pdf","content-type":"unspecified","content-version":"vor","intended-application":"similarity-checking"}],"deposited":{"date-parts":[[2018,8,1]],"date-time":"2018-08-01T21:28:50Z","timestamp":1533158930000},"score":1,"resource":{"primary":{"URL":"http:\/\/www.scielo.br\/scielo.php?script=sci_arttext&pid=S2179-89662018000200969&lng=pt&tlng=pt"}},"subtitle":[],"short-title":[],"issued":{"date-parts":[[2018,6]]},"references-count":26,"journal-issue":{"issue":"2","published-online":{"date-parts":[[2018,6]]}},"alternative-id":["S2179-89662018000200969"],"URL":"https:\/\/doi.org\/10.1590\/2179-8966\/2018\/33600","relation":{},"ISSN":["2179-8966"],"issn-type":[{"value":"2179-8966","type":"electronic"}],"subject":[],"published":{"date-parts":[[2018,6]]}}}