{"status":"ok","message-type":"work","message-version":"1.0.0","message":{"indexed":{"date-parts":[[2025,7,30]],"date-time":"2025-07-30T15:13:51Z","timestamp":1753888431205,"version":"3.41.2"},"reference-count":32,"publisher":"FapUNIFESP (SciELO)","issue":"2","license":[{"start":{"date-parts":[[2024,6,1]],"date-time":"2024-06-01T00:00:00Z","timestamp":1717200000000},"content-version":"vor","delay-in-days":0,"URL":"http:\/\/creativecommons.org\/licenses\/by\/4.0\/"},{"start":{"date-parts":[[2024,6,1]],"date-time":"2024-06-01T00:00:00Z","timestamp":1717200000000},"content-version":"am","delay-in-days":0,"URL":"http:\/\/creativecommons.org\/licenses\/by\/4.0\/"},{"start":{"date-parts":[[2024,6,1]],"date-time":"2024-06-01T00:00:00Z","timestamp":1717200000000},"content-version":"tdm","delay-in-days":0,"URL":"http:\/\/creativecommons.org\/licenses\/by\/4.0\/"}],"content-domain":{"domain":[],"crossmark-restriction":false},"short-container-title":["Rev. Direito Pr\u00e1x."],"abstract":"<jats:p>Resumo Os Estados Ib\u00e9ricos iniciaram a expans\u00e3o ultramarina europeia - como empreendimento europeu - na viragem do s\u00e9culo XV para o XVI, e nos s\u00e9culos XVII e XVIII assumem os contornos da transi\u00e7\u00e3o \u00e0 modernidade, marcada por um desenho que remonta \u00e0 luta contra o isl\u00e3o, que marcou a forma\u00e7\u00e3o da contemporaneidade e da transi\u00e7\u00e3o do Antigo Regime ao per\u00edodo capitalista no sul da Europa, com impacto no mundo (desde logo na rela\u00e7\u00e3o com a Inglaterra, motor dos capitalismo), numa vis\u00e3o integrada global: modos de produ\u00e7\u00e3o, com\u00e9rcio \u00e0 escala global, regimes pol\u00edticos, afinal, qual a marca da transi\u00e7\u00e3o \u00e0 modernidade no sul da Europa? E como ela se d\u00e1 em Portugal?<\/jats:p>","DOI":"10.1590\/2179-8966\/2022\/70534","type":"journal-article","created":{"date-parts":[[2024,3,18]],"date-time":"2024-03-18T10:18:49Z","timestamp":1710757129000},"source":"Crossref","is-referenced-by-count":0,"title":["Os Estados Ib\u00e9ricos e a Quest\u00e3o da Transi\u00e7\u00e3o em Portugal"],"prefix":"10.1590","volume":"15","author":[{"ORCID":"https:\/\/orcid.org\/0000-0001-6121-1379","authenticated-orcid":false,"given":"Raquel","family":"Varela","sequence":"first","affiliation":[{"name":"Universidade Nova de Lisboa,  Portugal"}]}],"member":"530","published-online":{"date-parts":[[2024,6]]},"reference":[{"year":"1973","series-title":"O desenvolvimento desigual: ensaio sobre as forma\u00e7\u00f5es sociais no capitalismo perif\u00e9rico","author":"Amin Samir","key":"ref1"},{"year":"1998","series-title":"Linhagens do Estado Absolutista","author":"Anderson Perry","key":"ref2"},{"year":"2018","series-title":"Teoria, Pol\u00edtica, Hist\u00f3ria","author":"Anderson Perry","key":"ref3"},{"year":"2006","series-title":"Os Senhores do Desterro de Portugal Judeus portugueses em Veneza e AAVV, A Era Contempor\u00e2nea","author":"Andrade Ant\u00f3nio","key":"ref4"},{"year":"2008","series-title":"Comunidades imaginada: reflex\u00f5es sobre a origem e a difus\u00e3o do nacionalismo","author":"Anderson Benedic","key":"ref5"},{"key":"ref6","doi-asserted-by":"crossref","first-page":"30","DOI":"10.1093\/past\/70.1.30","article-title":"'Agrarian Class Structure and Economic Development in Pre-Industrial Europe,'","volume":"70","author":"Brenner Robert","year":"1976","journal-title":"Past & Present"},{"key":"ref7","doi-asserted-by":"crossref","first-page":"16","DOI":"10.1093\/past\/97.1.16","article-title":"'The Agrarian Roots of European Capitalism,'","volume":"97","author":"Brenner Robert","year":"1982","journal-title":"Past & Present"},{"series-title":"Ferrara em meados do s\u00e9culo XVI, In Veredas, 6","key":"ref8","first-page":"65"},{"key":"ref9","doi-asserted-by":"crossref","DOI":"10.14195\/2183-8925_4-1_5","article-title":"\u201cO recurso a pessoal estrangeiro no tempo de Pombal\u201d, , O Marqu\u00eas de Pombal e o seu tempo, Tomo I","author":"Carvalho R\u00f3mulo de","year":"1982","journal-title":"Revista de Hist\u00f3ria das Ideias"},{"year":"2022","series-title":"Portugal na Europa das Luzes, Hist\u00f3ria de Portugal, volo VII","author":"Coelho Ant\u00f3nio Borges","key":"ref10"},{"key":"ref11","series-title":"Hist\u00f3ria Global de Portugal","first-page":"274","volume-title":"\u201c1348: Peste Negral, o flagelo que foi quase \u201cglobal\u201d\u201d","author":"Coelho Maria Helena","year":"2020"},{"key":"ref12","series-title":"Uma Hist\u00f3ria do Capitalismo","author":"Coggiola Osvaldo","year":"2017","edition":"1\u00aa"},{"key":"ref13","series-title":"'In Search of Agrarian Capitalism,'","first-page":"20","volume":"80","author":"Cooper JP","year":"1978"},{"year":"2010","series-title":"Ibn Khaldun Life And Times","author":"Fromherz Allen James","key":"ref14"},{"year":"2019","series-title":"Estrutura da Antiga Sociedade Portuguesa","author":"Godinho Vitorino Magalh\u00e3es","key":"ref15"},{"key":"ref16","series-title":"'A Crisis of Feudalism,'","first-page":"3","volume":"80","author":"Hilton RH","year":"1978"},{"year":"1984","series-title":"Ibn Khaldun, The Birth of History and the Past of the Third World","author":"Lacoste Yves","key":"ref17"},{"key":"ref18","first-page":"55","article-title":"'A Reply to Robert Brenner,'","volume":"79","author":"Le Roy Ladurie Emmanuel","year":"1978","journal-title":"Past & Present"},{"year":"2001","series-title":"O Marqu\u00eas de Pombal","author":"Maxwell Kenneth","key":"ref19"},{"year":"1998","series-title":"O Antigo Regime (In Hist\u00f3ria de Portugal, Jos\u00e9 Mattoso)","author":"Monteiro Nuno Gon\u00e7alo","key":"ref20"},{"year":"2002","series-title":"The First Global Village. How Portugal changed the world","author":"Page Martin","key":"ref21"},{"year":"2017","series-title":"Portugal, uma Hist\u00f3ria de Conquistas","author":"dos Passos John","key":"ref22"},{"key":"ref23","series-title":"'Population and Class Relations in Feudal Society,'","first-page":"24","volume":"78","author":"Postan MM","year":"1978"},{"year":"2021","series-title":"Uma Hist\u00f3ria Concisa de Portugal","author":"Proen\u00e7a Maria C\u00e2ndida","key":"ref24"},{"year":"2006","series-title":"O Marqu\u00eas de Pombal e a Cultura Portuguesa","author":"Real Miguel","key":"ref25"},{"year":"1966","series-title":"Islam et capitalisme","author":"Rodinson Maxime","key":"ref26"},{"year":"2011","series-title":"Portugal, o Atl\u00e2ntico e o Mediterr\u00e2neo","author":"Ribeiro Orlando","key":"ref27"},{"key":"ref28","doi-asserted-by":"crossref","first-page":"181","DOI":"10.4000\/lerhistoria.2965","article-title":"\u201cO Brasil e o Atl\u00e2ntico Sul na historiografia de Charles Boxer\u201d","volume":"71","author":"Schneider Alberto Luiz","year":"2017","journal-title":"Ler Hist\u00f3ria"},{"year":"1992","series-title":"\"O Gharb al-Andaluz\" in Hist\u00f3ria de Portugal - (Vol. I)","author":"Torres Cl\u00e1udio","key":"ref29"},{"year":"2015","series-title":"Hist\u00f3ria das Rela\u00e7\u00f5es laborais no Mundo Lus\u00f3fono","author":"Varela Raquel","key":"ref30"},{"key":"ref31","series-title":"A Origem do Capitalismo","volume-title":"\u201cA origem agr\u00e1ria do capitalismo\u201d","author":"Wood Ellen","year":"2001"},{"year":"2001","series-title":"A Origem do Capitalismo","author":"Wood Ellen","key":"ref32"}],"container-title":["Revista Direito e Pr\u00e1xis"],"original-title":["The Iberian States and the Question of Transition in Portugal"],"link":[{"URL":"http:\/\/www.scielo.br\/scielo.php?script=sci_pdf&pid=S2179-89662024000200219&tlng=pt","content-type":"unspecified","content-version":"vor","intended-application":"similarity-checking"}],"deposited":{"date-parts":[[2024,3,18]],"date-time":"2024-03-18T10:19:09Z","timestamp":1710757149000},"score":1,"resource":{"primary":{"URL":"http:\/\/www.scielo.br\/scielo.php?script=sci_arttext&pid=S2179-89662024000200219&tlng=pt"}},"subtitle":[],"short-title":[],"issued":{"date-parts":[[2024,6]]},"references-count":32,"journal-issue":{"issue":"2","published-online":{"date-parts":[[2024,6]]}},"alternative-id":["S2179-89662024000200219"],"URL":"https:\/\/doi.org\/10.1590\/2179-8966\/2022\/70534","relation":{},"ISSN":["2179-8966"],"issn-type":[{"type":"electronic","value":"2179-8966"}],"subject":[],"published":{"date-parts":[[2024,6]]},"article-number":"e70534"}}