{"status":"ok","message-type":"work","message-version":"1.0.0","message":{"indexed":{"date-parts":[[2025,2,21]],"date-time":"2025-02-21T21:54:46Z","timestamp":1740174886158,"version":"3.37.3"},"reference-count":38,"publisher":"FapUNIFESP (SciELO)","issue":"50","license":[{"start":{"date-parts":[[2022,8,1]],"date-time":"2022-08-01T00:00:00Z","timestamp":1659312000000},"content-version":"vor","delay-in-days":0,"URL":"http:\/\/creativecommons.org\/licenses\/by\/4.0\/"},{"start":{"date-parts":[[2022,8,1]],"date-time":"2022-08-01T00:00:00Z","timestamp":1659312000000},"content-version":"am","delay-in-days":0,"URL":"http:\/\/creativecommons.org\/licenses\/by\/4.0\/"},{"start":{"date-parts":[[2022,8,1]],"date-time":"2022-08-01T00:00:00Z","timestamp":1659312000000},"content-version":"tdm","delay-in-days":0,"URL":"http:\/\/creativecommons.org\/licenses\/by\/4.0\/"}],"content-domain":{"domain":[],"crossmark-restriction":false},"short-container-title":["Topoi (Rio J.)"],"abstract":"<jats:p>RESUMO Com este estudo pretende-se observar a exist\u00eancia e a mundivid\u00eancia de Francisco Barbosa, que nasceu em meados do s\u00e9culo XVI no seio de uma fam\u00edlia do campesinato. Oriundo do meio rural, de fam\u00edlias do 3\u00ba Estado do norte de Portugal, conheceu v\u00e1rios continentes (de Portugal ao Brasil, passando por \u00c1frica e Flandres). Acabou por se dedicar, em determinada fase da vida, \u00e0 peregrina\u00e7\u00e3o jacobeia. O seu percurso foi marcado por dois vetores fundamentais: religi\u00e3o e imp\u00e9rio. A pretexto de se estudar a viv\u00eancia e pensamento de Barbosa, pretende-se conhecer aspectos ligados \u00e0 mundivid\u00eancia dos estratos populares, de fam\u00edlias camponesas, que por norma s\u00e3o secundarizados pela historiografia em detrimento das elites ou institui\u00e7\u00f5es.<\/jats:p>","DOI":"10.1590\/2237-101x02305003","type":"journal-article","created":{"date-parts":[[2022,8,29]],"date-time":"2022-08-29T09:14:40Z","timestamp":1661764480000},"page":"393-407","source":"Crossref","is-referenced-by-count":0,"title":["Religi\u00e3o e imp\u00e9rio na vida de um peregrino do s\u00e9culo XVI"],"prefix":"10.1590","volume":"23","author":[{"ORCID":"https:\/\/orcid.org\/0000-0003-0328-307X","authenticated-orcid":false,"given":"Jo\u00e3o Augusto Guerra da Rocha","family":"Nunes","sequence":"first","affiliation":[{"name":"Instituto Polit\u00e9cnico de Viseu,  Portugal"}]}],"member":"530","published-online":{"date-parts":[[2022,8]]},"reference":[{"series-title":"Inquisi\u00e7\u00e3o de Lisboa, proc. 12521","key":"ref1"},{"series-title":"Chancelaria de D. Manuel I, liv. 17","key":"ref2"},{"series-title":"Corpo Cronol\u00f3gico, Parte I, m\u00e7. 112, n. 3","key":"ref3"},{"series-title":"Convento de Santo Onofre da Goleg\u00e3","key":"ref4"},{"year":"1757","series-title":"Espana Sagrada. Theatro Geographico-historico de la Iglesia de Espana","key":"ref5"},{"key":"ref6","series-title":"Estudos de homenagem a Lu\u00eds Ant\u00f3nio de Oliveira Ramos","first-page":"249","volume-title":"Vida de marinheiro. Aspetos do quotidiano das gentes do mar nos s\u00e9culos XV e XVI","author":"BARROS Am\u00e2ndio Jorge Morais","year":"2004"},{"year":"1826","series-title":"Diccionario geografico-estadistico de Espa\u00f1a y Portugal","author":"BEDOYA Sebasti\u00e1n de Mi\u00f1ano y","key":"ref7"},{"year":"1728","series-title":"Vocabul\u00e1rio portuguez e latino","author":"BLUTEAU Raphael","key":"ref8"},{"year":"2003","series-title":"Rodrigues, o int\u00e9rprete: um jesu\u00edta portugu\u00eas no Jap\u00e3o e na China do s\u00e9culo XVI","author":"COOPER Michael","key":"ref9"},{"key":"ref10","first-page":"11","article-title":"El hombre medieval como \u201chomo viator\u201d: peregrinos e viajeros","author":"CORTAZAR Jos\u00e9 Angell Garcia","year":"1994","journal-title":"IV Semana de Estudios Medievales"},{"key":"ref11","series-title":"Portugal: mitos revisitados","first-page":"139","volume-title":"Basti\u00e3o! O Basti\u00e3o! (Actos pol\u00edticos e modalidades de cren\u00e7a, 1578-1603)","author":"CURTO Diogo de Ramada","year":"1993"},{"key":"ref12","series-title":"Hist\u00f3ria da expans\u00e3o portuguesa","first-page":"458","volume-title":"Cultura escrita e pr\u00e1ticas de identidade","volume":"2","author":"CURTO Diogo Ramada","year":"1998"},{"year":"1960","series-title":"Correntes de sentimento religioso em Portugal","author":"DIAS Jos\u00e9 Sebasti\u00e3o da Silva","key":"ref13"},{"year":"1998","series-title":"O queijo e os vermes: o cotidiano e as id\u00e9ias de um moleiro perseguido pela Inquisi\u00e7\u00e3o","author":"GINZBURG Carlo","key":"ref14"},{"key":"ref15","first-page":"15","article-title":"El inquisidor como antrop\u00f3logo","volume":"26","author":"GINZBURG Carlo","year":"1991","journal-title":"Historias. Revista de la Direcci\u00f3n de Estudios Hist\u00f3ricos"},{"year":"1981","series-title":"Trento, um concilio para la union (1550-1552)","author":"GUTI\u00c9RREZ Constancio","key":"ref16"},{"key":"ref17","series-title":"War in the Iberian Peninsula, 700-1600","first-page":"267","volume-title":"The spanish imperial wars of the 16th Century","author":"HERN\u00c1NDEZ Ant\u00f3nio Jos\u00e9 Rodr\u00edguez","year":"2018"},{"year":"2005","series-title":"Navega\u00e7\u00e3o nos s\u00e9culos XVII e XVIII: rumo: Brasil","author":"HUTTER Lucy Maffei","key":"ref18"},{"key":"ref19","first-page":"33","article-title":"Las peregrinaciones a Santiago en la Edad Moderna","volume":"102-103","author":"LACARRA Jos\u00e9 Maria","year":"1966","journal-title":"Pr\u00edncipe de Viana"},{"year":"2012","series-title":"A consci\u00eancia de um imp\u00e9rio. Portugal e o seu mundo (s\u00e9cs. XV-XVII)","author":"MARCOCCI Giuseppe","key":"ref20"},{"key":"ref21","first-page":"77","article-title":"Vias portuguesas de peregrina\u00e7\u00e3o a Santiago de Compostela na Idade M\u00e9dia","volume":"3","author":"MORENO Humberto Carlos Baquero","year":"1986","journal-title":"Hist\u00f3ria, Revista da Faculdade de Letras"},{"key":"ref22","series-title":"Dicion\u00e1rio de Hist\u00f3ria de Portugal","first-page":"302","volume-title":"Mina","volume":"4","author":"MOTA A. Teixeira","year":"1985"},{"key":"ref23","doi-asserted-by":"crossref","first-page":"177","DOI":"10.14195\/1645-2259_6_8","article-title":"Crime e castigo: \u201cpecados p\u00fablicos\u201d e disciplinamento social na diocese de Viseu (1684-1689)","volume":"6","author":"NUNES Jo\u00e3o Rocha","year":"2006","journal-title":"Revista de Hist\u00f3ria da Sociedade e da Cultura"},{"year":"1997","series-title":"Bruxaria e supersti\u00e7\u00e3o num pa\u00eds sem \u201cca\u00e7a \u00e0s bruxas\u201d","author":"PAIVA Jos\u00e9 Pedro","key":"ref24"},{"key":"ref25","first-page":"53","article-title":"O Inferno e o Para\u00edso em duas vis\u00f5es marginais de origem popular","volume":"33","author":"PAIVA Jos\u00e9 Pedro","year":"1997","journal-title":"Ler Hist\u00f3ria"},{"key":"ref26","series-title":"A cidade e o campo. Colect\u00e2nea de estudos","first-page":"243","volume-title":"Miss\u00f5es, diretores de consci\u00eancia, exerc\u00edcios espirituais e simula\u00e7\u00f5es de santidade: o caso de Arc\u00e2ngela do Sacramento (1697-1701)","author":"PAIVA Jos\u00e9 Pedro","year":"2000"},{"key":"ref27","series-title":"O Conc\u00edlio de Trento em Portugal e nas suas conquistas olhares novos","first-page":"13","volume-title":"A recep\u00e7\u00e3o e a aplica\u00e7\u00e3o do Conc\u00edlio de Trento em Portugal: novos problemas, novas perspetivas","author":"PAIVA Jos\u00e9 Pedro","year":"2014"},{"year":"2006","series-title":"A Contra-Reforma em Portugal (1540-1700)","author":"PALOMO Federico","key":"ref28"},{"year":"1999","series-title":"Vila do Conde, um porto nortenho na expans\u00e3o ultramarina quinhentista","author":"POL\u00d3NIA Am\u00e9lia","key":"ref29"},{"key":"ref30","series-title":"Les chemins de Dieu: histoire des p\u00e8lerinages chr\u00e9tiens, des origins \u00e0 nos jours","first-page":"209","volume-title":"Mutation et difficult\u00e9s du p\u00e8lerinage a la fin du Moyen Age (XIV-XV si\u00e8cle)","author":"RAPP Francois","year":"1982"},{"key":"ref31","first-page":"139","article-title":"A ordem franciscana em Portugal no s\u00e9culo de ouro do rei D. Manuel","volume":"2","author":"REMA Henrique Pinto","year":"2001","journal-title":"Actas do III Congresso Hist\u00f3rico D. Manuel e a Sua \u00c9poca"},{"key":"ref32","series-title":"Les chemins de Dieu: histoire des p\u00e8lerinages chr\u00e9tiens, des origins \u00e0 nos jours","first-page":"235","volume-title":"Contestation et renouveau du p\u00e8lerinage au d\u00e9but des temps modernes (XVI et d\u00e9but du XVII si\u00e8cle)","author":"SAUZET Robert","year":"1982"},{"year":"1999","series-title":"Historia cultural do caminho de Santiago","author":"SINGUL Francisco","key":"ref33"},{"key":"ref34","doi-asserted-by":"crossref","first-page":"99","DOI":"10.14195\/2183-8925_14_6","article-title":"Os navios que descobriram o mundo e a vida a bordo","volume":"14","author":"SILVA Jos\u00e9 Manuel Azevedo","year":"1992","journal-title":"Revista de Hist\u00f3ria das Ideias"},{"year":"2009","series-title":"The Dutch and the Portuguese in West Africa: empire building and Atlantic system (1580-1674)","author":"SILVA Filipa Ribeiro da","key":"ref35"},{"key":"ref36","series-title":"Os escravos: \u2018rem\u00e9dio de todas as outras cousas\u2019","first-page":"232","volume":"2","author":"SCHWARTZ Stuart","year":"1998"},{"key":"ref37","first-page":"163","article-title":"Caminhos e inven\u00e7\u00f5es de santidade feminina em Portugal nos s\u00e9culos XVII e XVIII (alguns dados, problemas e sugest\u00f5es)","volume":"3","author":"TAVARES Pedro Vilas Boas","year":"1996","journal-title":"Via Spiritus"},{"issue":"2","key":"ref38","first-page":"59","article-title":"Amores e desamores pelos pobres: imagens, afectos e atitudes (s\u00e9cs. XVI e XVII)","volume":"11","author":"XAVIER \u00c2ngela Barreto","year":"1999","journal-title":"Lusit\u00e2nia Sacra"}],"container-title":["Topoi (Rio de Janeiro)"],"original-title":["Religion and empire in the life of a 16th century pilgrim"],"link":[{"URL":"http:\/\/www.scielo.br\/scielo.php?script=sci_pdf&pid=S2237-101X2022000200393&tlng=pt","content-type":"unspecified","content-version":"vor","intended-application":"similarity-checking"}],"deposited":{"date-parts":[[2022,8,29]],"date-time":"2022-08-29T09:15:19Z","timestamp":1661764519000},"score":1,"resource":{"primary":{"URL":"http:\/\/www.scielo.br\/scielo.php?script=sci_arttext&pid=S2237-101X2022000200393&tlng=pt"}},"subtitle":[],"short-title":[],"issued":{"date-parts":[[2022,8]]},"references-count":38,"journal-issue":{"issue":"50","published-online":{"date-parts":[[2022,8]]}},"alternative-id":["S2237-101X2022000200393"],"URL":"https:\/\/doi.org\/10.1590\/2237-101x02305003","relation":{},"ISSN":["2237-101X","1518-3319"],"issn-type":[{"type":"electronic","value":"2237-101X"},{"type":"print","value":"1518-3319"}],"subject":[],"published":{"date-parts":[[2022,8]]}}}