{"status":"ok","message-type":"work","message-version":"1.0.0","message":{"indexed":{"date-parts":[[2022,3,31]],"date-time":"2022-03-31T20:01:46Z","timestamp":1648756906416},"reference-count":19,"publisher":"FapUNIFESP (SciELO)","issue":"2","content-domain":{"domain":[],"crossmark-restriction":false},"short-container-title":["Cad. Nietzsche"],"abstract":"<jats:p>Resumo O artigo pretende explorar o lugar que a ret\u00f3rica ocupa no pensamento de Nietzsche. Partindo do posicionamento que o fil\u00f3sofo tem em sua \u00e9poca, e pela luta que trava contra o desprezo que os alem\u00e3es e os modernos t\u00eam da arte ret\u00f3rica, pretende-se mostrar as formas pelas quais Nietzsche revaloriza a ret\u00f3rica. Retomando o car\u00e1ter positivo que Arist\u00f3teles atribuia \u00e0 ret\u00f3rica como uma dynamis, Nietzsche a considera como uma disposi\u00e7\u00e3o biol\u00f3gica e natural, e que a pr\u00f3pria linguagem \u00e9 resultado de artes ret\u00f3ricas. Apelando, ainda, \u00e0 tradi\u00e7\u00e3o dos antigos sofistas, com quem compartilha a vis\u00e3o sobre a \u00edntima rela\u00e7\u00e3o entre linguagem e ret\u00f3rica, e por isso mesmo desconfia da capacidade de atingir a verdade, o fil\u00f3sofo alem\u00e3o cria a figura de Zaratustra para responder ao apelo de uma \u00e9poca de supera\u00e7\u00e3o dos valores religiosos e metaf\u00edsicos gra\u00e7as ao decl\u00ednio da vontade de verdade. Assim falou Zaratustra deve, portanto, ser compreendido junto ao contexto de um ceticismo renovado, no qual a verdade n\u00e3o \u00e9 algo j\u00e1 dado, mas aquilo que toda vez o discurso cria e imp\u00f5e como tal, em um suceder-se infinito de perspectivas.<\/jats:p>","DOI":"10.1590\/2316-82422018v3902bz","type":"journal-article","created":{"date-parts":[[2018,11,17]],"date-time":"2018-11-17T13:27:24Z","timestamp":1542461244000},"page":"97-122","source":"Crossref","is-referenced-by-count":0,"title":["Zaratustra ret\u00f3rico e sofista,"],"prefix":"10.1590","volume":"39","author":[{"given":"Benedetta","family":"Zavatta","sequence":"first","affiliation":[{"name":"\u00c9cole Normale Sup\u00e9rieure de Paris,  Fran\u00e7a"}]}],"member":"530","published-online":{"date-parts":[[2018,8]]},"reference":[{"key":"ref1","series-title":"La realt\u00e0 in cui viviamo","volume-title":"Approccio antropologico all\u2019attualit\u00e0 della retorica","author":"BLUMENBERG H.","year":"1987"},{"key":"ref2","series-title":"Elaborazione del mito","author":"BLUMENBERG H.","year":"1991"},{"key":"ref3","series-title":"L\u2019et\u00e0 di Costantino il Grande","author":"BURCKHARDT J.","year":"1990"},{"key":"ref4","series-title":"L\u2019effetto sofistico. Per un\u2019altra storia della filosofia","author":"CASSIN B.","year":"2002"},{"key":"ref5","series-title":"Letteratura europea e medioevo latino","author":"CURTIUS E.R.","year":"1992"},{"key":"ref6","series-title":"Testimonianze e frammenti","volume":"2","author":"DIELS H.","year":"1969"},{"key":"ref7","series-title":"La linea e il circolo","author":"D\u2019IORIO P.","year":"1995"},{"key":"ref8","series-title":"Pathos und Distanz. Studien zur Philosophie Friedrich Nietzsches","volume-title":"Nietzsches \u00e4sthetische Revolution","author":"GERHARDT V.","year":"1988"},{"key":"ref9","series-title":"Nietzsche und die Rhetorik","author":"GOTH J.","year":"1970"},{"key":"ref10","series-title":"Lezioni di storia della filosofia","volume":"I","author":"HEGEL G.W.F.","year":"1930"},{"key":"ref11","series-title":"Critica della facolt\u00e0 di giudizio","author":"KANT I.","year":"1999"},{"key":"ref12","series-title":"Nietzsche, oder \u201cDie Sprache ist Rhetorik","first-page":"39","volume-title":"Nietzsches Entdeckung der Rhetorik","author":"KOPPERSCHMIDT J.","year":"1994"},{"key":"ref13","series-title":"S\u00e4mtliche Werke. Kritische Studienausgabe (KSA)","author":"NIETZSCHE F.","year":"1980"},{"key":"ref14","series-title":"S\u00e4mtliche Werke. Kritische Gesamtausgabe (KGW)","author":"NIETZSCHE F.","year":"1978"},{"key":"ref15","series-title":"Humano, demasiado humano","author":"NIETZSCHE F.","year":"2000"},{"key":"ref16","series-title":"Assim falou Zaratustra","author":"NIETZSCHE F.","year":"2009"},{"key":"ref17","series-title":"Tempo e narrativa","volume":"1","author":"RICOEUR P.","year":"1994"},{"key":"ref18","series-title":"Nietzsche, oder \u201cDie Sprache ist Rhetorik","first-page":"219","volume-title":"Nietzsche im Zerrspiegel de Mans: Rhetorik gegen die Rhetorik","author":"VICKERS B.","year":"1994"},{"key":"ref19","series-title":"Nietzsche on Consciousness and the Embodied Mind","volume-title":"The Figurative Patterns of Reason: Nietzsche on Tropes as Embodied Schemata","author":"ZAVATTA B.","year":"2013"}],"container-title":["Cadernos Nietzsche"],"original-title":[],"link":[{"URL":"http:\/\/www.scielo.br\/pdf\/cniet\/v39n2\/2316-8242-cniet-39-02-97.pdf","content-type":"unspecified","content-version":"vor","intended-application":"similarity-checking"}],"deposited":{"date-parts":[[2018,12,21]],"date-time":"2018-12-21T20:44:46Z","timestamp":1545425086000},"score":1,"resource":{"primary":{"URL":"http:\/\/www.scielo.br\/scielo.php?script=sci_arttext&pid=S2316-82422018000200097&lng=pt&tlng=pt"}},"subtitle":[],"short-title":[],"issued":{"date-parts":[[2018,8]]},"references-count":19,"journal-issue":{"issue":"2","published-online":{"date-parts":[[2018,8]]}},"alternative-id":["S2316-82422018000200097"],"URL":"https:\/\/doi.org\/10.1590\/2316-82422018v3902bz","relation":{},"ISSN":["2316-8242","1413-7755"],"issn-type":[{"value":"2316-8242","type":"electronic"},{"value":"1413-7755","type":"print"}],"subject":[],"published":{"date-parts":[[2018,8]]}}}