{"status":"ok","message-type":"work","message-version":"1.0.0","message":{"indexed":{"date-parts":[[2022,5,29]],"date-time":"2022-05-29T22:10:06Z","timestamp":1653862206063},"reference-count":25,"publisher":"FapUNIFESP (SciELO)","issue":"6","content-domain":{"domain":[],"crossmark-restriction":false},"short-container-title":["CoDAS"],"published-print":{"date-parts":[[2015,12]]},"abstract":"<jats:p>RESUMO Objetivos: Verificar o efeito das vari\u00e1veis idade e escolaridade no desempenho de adultos saud\u00e1veis na Bateria Montreal de Avalia\u00e7\u00e3o da Comunica\u00e7\u00e3o, vers\u00e3o portuguesa (MAC-PT). M\u00e9todos: A amostra foi composta por 90 indiv\u00edduos portugueses, falantes do Portug\u00eas Europeu, distribu\u00eddos em 9 grupos de acordo com a escolaridade (4 a 9; 10 a 13; e mais de 13 anos de ensino formal) e com a idade (19 a 40; 41 a 64; e 65 a 80 anos). Para an\u00e1lise de compara\u00e7\u00e3o entre grupos, utilizou-se o testetwo-way ANOVA, com post-hoc Bonferroni (p\u22640,05). Resultados: Verificou-se que o desempenho dos indiv\u00edduos foi influenciado pela vari\u00e1vel idade nas tarefas pragm\u00e1tico-inferencial, discursiva e pros\u00f3dica. J\u00e1 a escolaridade influenciou o desempenho em todos os processamentos avaliados pela MAC-PT. Conclus\u00e3o: As vari\u00e1veis idade e escolaridade influenciaram o desempenho comunicativo e devem ser consideradas no processo de avalia\u00e7\u00e3o de pacientes neurol\u00f3gicos.<\/jats:p>","DOI":"10.1590\/2317-1782\/20152015029","type":"journal-article","created":{"date-parts":[[2015,12,18]],"date-time":"2015-12-18T21:40:06Z","timestamp":1450474806000},"page":"550-556","source":"Crossref","is-referenced-by-count":1,"title":["Bateria Montreal de Avalia\u00e7\u00e3o da Comunica\u00e7\u00e3o - vers\u00e3o portuguesa: efeito da idade e escolaridade"],"prefix":"10.1590","volume":"27","author":[{"given":"M\u00f4nica de Souza","family":"Kerr","sequence":"first","affiliation":[{"name":"Cl\u00ednica de Linguagem e Cogni\u00e7\u00e3o, Brasil"}]},{"given":"Karina Carlesso","family":"Pagliarin","sequence":"additional","affiliation":[{"name":"Universidade Federal de Santa Maria, Brazil"}]},{"given":"Ana","family":"Mineiro","sequence":"additional","affiliation":[{"name":"Universidade Cat\u00f3lica Portuguesa, Portugal"}]},{"given":"Perrine","family":"Ferr\u00e9","sequence":"additional","affiliation":[{"name":"Universit\u00e9 de Montr\u00e9al, Canada"}]},{"given":"Yves","family":"Joanette","sequence":"additional","affiliation":[{"name":"Universit\u00e9 de Montr\u00e9al, Canada"}]},{"given":"Rochele Paz","family":"Fonseca","sequence":"additional","affiliation":[{"name":"Pontif\u00edcia Universidade Cat\u00f3lica do Rio Grande do Sul, Brazil"}]}],"member":"530","reference":[{"issue":"1","key":"ref1","doi-asserted-by":"crossref","first-page":"58","DOI":"10.1590\/S1980-57642014DN81000009","article-title":"Rehabilitation of discourse impairments after acquired brain injury","volume":"8","author":"Gindri G","year":"2014","journal-title":"Dement Neuropsychol"},{"issue":"2","key":"ref2","doi-asserted-by":"crossref","first-page":"238","DOI":"10.1006\/brln.2000.2339","article-title":"Language representation in the human brain: evidence from cortical mapping","volume":"74","author":"Bhatnagar SC","year":"2000","journal-title":"Brain Lang"},{"issue":"1","key":"ref3","doi-asserted-by":"crossref","first-page":"S61","DOI":"10.1016\/j.apmr.2011.10.015","article-title":"Rehabilitation for cognitive-communication disorders in right hemisphere brain damage","volume":"93","author":"Tompkins CA","year":"2012","journal-title":"Arch Phys Med Rehabil"},{"issue":"6-8","key":"ref4","doi-asserted-by":"crossref","first-page":"739","DOI":"10.1080\/02687030701192331","article-title":"Towards a description of clinical communication impairment profiles following right-hemisphere damage","volume":"21","author":"Cote H","year":"2007","journal-title":"Aphasiology"},{"key":"ref5","series-title":"Right hemisphere damage: disorders of communication and cognition","author":"Myers PS","year":"1999"},{"issue":"2","key":"ref6","doi-asserted-by":"crossref","first-page":"170","DOI":"10.1016\/j.cortex.2006.05.003","article-title":"Retrograde memory after unilateral stroke","volume":"44","author":"Batchelor S","year":"2008","journal-title":"Cortex"},{"issue":"3","key":"ref7","doi-asserted-by":"crossref","first-page":"1104","DOI":"10.3758\/s13415-014-0255-1","article-title":"The nature of hemispheric specialization for prosody perception","volume":"14","author":"Witteman J","year":"2014","journal-title":"Cogn Affect Behav Neurosci"},{"key":"ref8","series-title":"Aphasia and related neurogenic communication disorders","volume-title":"Nature and assessment of right hemisphere disorders","author":"Tompkins CA","year":"2012"},{"key":"ref9","series-title":"Neuropsychological Assessment","author":"Lezak MD","year":"2012"},{"issue":"10","key":"ref10","doi-asserted-by":"crossref","first-page":"1244","DOI":"10.1080\/02687038.2014.918573","article-title":"Individual and sociocultural influences on language processing as assessed by the MTL-BR Battery","volume":"28","author":"Pagliarin KC","year":"2014","journal-title":"Aphasiology"},{"issue":"4","key":"ref11","doi-asserted-by":"crossref","first-page":"235","DOI":"10.1080\/17489530802615336","article-title":"Communication difficulties following right-hemisphere stroke: applying evidence to clinical management","volume":"2","author":"Mackenzie C","year":"2008","journal-title":"Evid Based Commun Assess Interv"},{"key":"ref12","series-title":"Protocole MEC: Protocole Montre\u00e1l d'\u00c9valuation de la Communication","author":"Joanette Y","year":"2004"},{"key":"ref13","series-title":"Bateria Montreal de Avalia\u00e7\u00e3o da Comunica\u00e7\u00e3o: Bateria MAC","author":"Fonseca RP","year":"2008"},{"issue":"5","key":"ref14","doi-asserted-by":"crossref","first-page":"930","DOI":"10.1590\/S0034-89102008000500020","article-title":"Tradu\u00e7\u00e3o, adapta\u00e7\u00e3o e valida\u00e7\u00e3o de construto do Teste do Rel\u00f3gio aplicado entre idosos no Brasil","volume":"42","author":"Atalaia-Silva KC","year":"2008","journal-title":"Rev Sa\u00fade P\u00fablica"},{"key":"ref15","first-page":"9","article-title":"Adapta\u00e7\u00e3o \u00e0 popula\u00e7\u00e3o portuguesa da tradu\u00e7\u00e3o do Mini Mental State Examination (MMSE)","volume":"1","author":"Guerreiro M","year":"1994","journal-title":"Rev Port Neurol"},{"issue":"1","key":"ref16","doi-asserted-by":"crossref","first-page":"37","DOI":"10.1016\/0022-3956(82)90033-4","article-title":"Development and validation of a geriatric depression screening scale","volume":"17","author":"Yesavage JA","year":"1983","journal-title":"J Psychiatr Res"},{"key":"ref17","series-title":"M\u00e9todos em Psicobiologia, Neuroci\u00eacias e Comportamento","volume-title":"M\u00e9todos em avalia\u00e7\u00e3o neuropsicol\u00f3gica: pressupostos gerais, neurocognitivos, neuropsicolingu\u00edsticos e psicom\u00e9tricos no uso e desenvolvimento de instrumentos","author":"Fonseca RP","year":"2012"},{"key":"ref18","series-title":"Adapta\u00e7\u00e3o da Bateria Montreal de Avalia\u00e7\u00e3o da Comunica\u00e7\u00e3o para o Portugu\u00eas Europeu","author":"Kerr MS","year":"2012"},{"key":"ref19","series-title":"Bateria Montreal de Avalia\u00e7\u00e3o da Comunica\u00e7\u00e3o, vers\u00e3o abreviada: Bateria MAC Breve","author":"Casarin FS","year":"2014"},{"issue":"1","key":"ref20","first-page":"72","article-title":"Evid\u00eancias do papel da escolaridade na organiza\u00e7\u00e3o cerebral","volume":"1","author":"Parente MAMP","year":"2009","journal-title":"Rev Neuropsicol Latinoamer"},{"issue":"1","key":"ref21","first-page":"13","article-title":"Mudan\u00e7as no processamento cognitivo em adultos idosos: d\u00e9ficits ou estrat\u00e9gias adaptativas?","volume":"14","author":"Fonseca RP","year":"2009","journal-title":"Estud Interdiscipl Envelhec"},{"issue":"4","key":"ref22","doi-asserted-by":"crossref","first-page":"349","DOI":"10.1159\/000346357","article-title":"Where did I put my keys: a \"we\" intervention to promote memory in healthy older adults: a controlled pilot study","volume":"59","author":"Mammarella N","year":"2013","journal-title":"Gerontology"},{"key":"ref23","doi-asserted-by":"crossref","first-page":"63","DOI":"10.1016\/j.brainres.2012.07.014","article-title":"The effect of multisensory cues on attention in aging","volume":"1472","author":"Mahoney JR","year":"2012","journal-title":"Brain Res"},{"issue":"8","key":"ref24","doi-asserted-by":"crossref","first-page":"1390","DOI":"10.1162\/jocn.2008.20096","article-title":"Age-related differences in brain activity during true and false memory retrieval","volume":"20","author":"Dennis NA","year":"2008","journal-title":"J Cognit Neurosci"},{"issue":"4","key":"ref25","doi-asserted-by":"crossref","first-page":"568","DOI":"10.1080\/j.1440-1614.1999.00570.x","article-title":"Norms and the effects of demographic variables on a neuropsychological battery for use in healthy ageing Australian populations","volume":"33","author":"Collie A","year":"1999","journal-title":"Aust N Z J Psychiatry"}],"container-title":["CoDAS"],"original-title":[],"link":[{"URL":"http:\/\/www.scielo.br\/pdf\/codas\/v27n6\/2317-1782-codas-27-06-00550.pdf","content-type":"unspecified","content-version":"vor","intended-application":"similarity-checking"}],"deposited":{"date-parts":[[2022,5,29]],"date-time":"2022-05-29T21:35:10Z","timestamp":1653860110000},"score":1,"resource":{"primary":{"URL":"http:\/\/www.scielo.br\/scielo.php?script=sci_arttext&pid=S2317-17822015000600550&lng=pt&tlng=pt"}},"subtitle":[],"short-title":[],"issued":{"date-parts":[[2015,12]]},"references-count":25,"journal-issue":{"issue":"6","published-print":{"date-parts":[[2015,12]]}},"alternative-id":["S2317-17822015000600550"],"URL":"https:\/\/doi.org\/10.1590\/2317-1782\/20152015029","relation":{},"ISSN":["2317-1782"],"issn-type":[{"value":"2317-1782","type":"electronic"}],"subject":[],"published":{"date-parts":[[2015,12]]}}}