{"status":"ok","message-type":"work","message-version":"1.0.0","message":{"indexed":{"date-parts":[[2024,9,7]],"date-time":"2024-09-07T08:35:02Z","timestamp":1725698102320},"reference-count":0,"publisher":"FapUNIFESP (SciELO)","issue":"3","content-domain":{"domain":[],"crossmark-restriction":false},"short-container-title":["Qu\u00edm. Nova"],"DOI":"10.1590\/s0100-40422008000300032","type":"journal-article","created":{"date-parts":[[2008,6,19]],"date-time":"2008-06-19T13:57:05Z","timestamp":1213883825000},"page":"645-654","source":"Crossref","is-referenced-by-count":5,"title":["A gest\u00e3o integrada de res\u00edduos s\u00f3lidos urbanos - perspectiva ambiental e econ\u00f3mico-energ\u00e9tica"],"prefix":"10.1590","volume":"31","author":[{"given":"Jaime Filipe Borges","family":"Puna","sequence":"first","affiliation":[]},{"given":"Br\u00e1ulio dos Santos","family":"Baptista","sequence":"additional","affiliation":[]}],"member":"530","published-online":{"date-parts":[[2008]]},"container-title":["Qu\u00edmica Nova"],"original-title":[],"language":"en","link":[{"URL":"http:\/\/www.scielo.br\/pdf\/qn\/v31n3\/a32v31n3.pdf","content-type":"unspecified","content-version":"vor","intended-application":"similarity-checking"}],"deposited":{"date-parts":[[2016,12,15]],"date-time":"2016-12-15T08:51:54Z","timestamp":1481791914000},"score":1,"resource":{"primary":{"URL":"http:\/\/www.scielo.br\/scielo.php?script=sci_arttext&pid=S0100-40422008000300032&lng=pt&nrm=iso&tlng=pt"}},"subtitle":[],"short-title":[],"issued":{"date-parts":[[2008]]},"references-count":0,"journal-issue":{"issue":"3","published-online":{"date-parts":[[2008]]}},"alternative-id":["S0100-40422008000300032"],"URL":"https:\/\/doi.org\/10.1590\/s0100-40422008000300032","relation":{},"ISSN":["0100-4042"],"issn-type":[{"value":"0100-4042","type":"print"}],"subject":[],"published":{"date-parts":[[2008]]}}}