{"status":"ok","message-type":"work","message-version":"1.0.0","message":{"indexed":{"date-parts":[[2024,7,22]],"date-time":"2024-07-22T05:55:33Z","timestamp":1721627733848},"reference-count":38,"publisher":"FapUNIFESP (SciELO)","issue":"108","content-domain":{"domain":[],"crossmark-restriction":false},"short-container-title":["Serv. Soc. Soc."],"published-print":{"date-parts":[[2011,12]]},"abstract":"<jats:p>Este artigo pretende discutir como a pol\u00edtica social activa deu origem a um \"servi\u00e7o social activo\" e que tipo de quest\u00f5es se levantam \u00e0 profiss\u00e3o, tendo em conta a orienta\u00e7\u00e3o subjacente \u00e0 defini\u00e7\u00e3o de Servi\u00e7o Social da Fias. Uma das mais relevantes discuss\u00f5es neste dom\u00ednio prende-se com a no\u00e7\u00e3o de empowerment segundo uma concep\u00e7\u00e3o que n\u00e3o se confina ao n\u00edvel individual, mas se alarga ao n\u00edvel comunit\u00e1rio e colectivo. A an\u00e1lise ensaiada baseia-se em dados recolhidos em estudos emp\u00edricos realizados em Portugal no \u00e2mbito do servi\u00e7o social e da pol\u00edtica social.<\/jats:p>","DOI":"10.1590\/s0101-66282011000400005","type":"journal-article","created":{"date-parts":[[2011,12,3]],"date-time":"2011-12-03T09:36:10Z","timestamp":1322904970000},"page":"656-679","source":"Crossref","is-referenced-by-count":7,"title":["As pr\u00e1ticas do \"Servi\u00e7o Social activo\" no \u00e2mbito das novas tend\u00eancias da pol\u00edtica social: uma perspectiva portuguesa"],"prefix":"10.1590","author":[{"given":"Francisco","family":"Branco","sequence":"first","affiliation":[{"name":"Universidade Cat\u00f3lica Portuguesa, Portugal"}]},{"given":"In\u00eas","family":"Amaro","sequence":"additional","affiliation":[{"name":"Universidade Cat\u00f3lica Portuguesa, Portugal"}]}],"member":"530","reference":[{"key":"ref1","series-title":"Trabajo para todos?: Um debate necesario","author":"ALONSO Luis Enrique","year":"1996"},{"key":"ref2","series-title":"Urg\u00eancias e emerg\u00eancias do servi\u00e7o social contempor\u00e2neo: contribu\u00edos para a discuss\u00e3o dos fundamentos da profiss\u00e3o, 2009","author":"AMARO Maria In\u00eas"},{"key":"ref3","series-title":"La societe biographique: une injonction \u00e0 vivre dignement","first-page":"15","volume-title":"L'institutition de la dignit\u00e9 dans la soci\u00e9t\u00e9 contemporaine: r\u00e9flexions \u00e0 partir du cas fran\u00e7ais","author":"AMARO Maria In\u00eas","year":"2006"},{"key":"ref4","series-title":"Les nouvelles regles du social","author":"AMARO Maria In\u00eas","year":"2007"},{"issue":"16","key":"ref5","doi-asserted-by":"crossref","first-page":"30","DOI":"10.7202\/009841ar","article-title":"De l'\"habilitation\" au \"pouvoir d'agir\": vers une appr\u00e9hension plus circonscrite de la notion d'empowerment","author":"BOSSE Y.","year":"2003","journal-title":"Nouvelle Pratique Social"},{"issue":"4","key":"ref6","first-page":"107","article-title":"Revenue minimum d'insertion et transitions: une analyse des in\u00e9galit\u00e9s territoriales","author":"BOUCHOUX J.","year":"2004","journal-title":"Revue Fran\u00e7aise des Affaires Sociaux"},{"key":"ref7","series-title":"Revenu Minimun d'Insertion et march\u00e9 du travail: les \"r\u00e9gimes locaux d'insertion\"","author":"BOUCHOUX Jacques","year":"2004"},{"key":"ref8","series-title":"Repenser la solidarite: L'apport des sciences sociales","first-page":"887","volume-title":"Comment concilier solidarit\u00e9 social et efficacit\u00e9 \u00e9conomique \u00e0 l'\u00e8re de la globalisation: une lecture r\u00e9gulationniste","author":"BOYER Robert","year":"2007"},{"issue":"17","key":"ref9","first-page":"81","article-title":"Ac\u00e7\u00e3o social, individua\u00e7\u00e3o e cidadania: a constru\u00e7\u00e3o do acompanhamento social no contexto do estado social activo","author":"BRANCO Francisco","year":"2008","journal-title":"Cidades, Comunidades e Territ\u00f3rios"},{"key":"ref10","author":"BRANCO Francisco","year":"2009"},{"issue":"145","key":"ref11","doi-asserted-by":"crossref","first-page":"92","DOI":"10.3917\/inso.145.0092","article-title":"L'individu, le proche et l'institution: travail social et politique de l'autonomie","author":"BREVIGLIERE M.","year":"2008","journal-title":"Informations Sociales"},{"key":"ref12","series-title":"Les metamorphoses de la question sociale: une chronique du salariat","author":"CASTEL Robert","year":"1995"},{"key":"ref13","series-title":"Le travail social en d\u00e9bat[s]","first-page":"27","volume-title":"Devenir de l'\u00c9tat providence et travail social","author":"CASTEL Robert","year":"2005"},{"key":"ref14","series-title":"La mont\u00e9e des incertitudes: travail, protections, statut de l'individu","author":"CASTEL Robert","year":"2009"},{"key":"ref15","series-title":"Os caminhos da pobreza: perfis e pol\u00edticas sociais em Lisboa","author":"CASTRO Alexandra","year":"2010"},{"key":"ref16","series-title":"Acolhimento e constru\u00e7\u00e3o da autonomia dos clientes na Santa Casa da Miseric\u00f3rdia de Lisboa Relat\u00f3rio final Lisboa, 2008","volume":"2"},{"key":"ref17","series-title":"Social work: theory and practice for a changing profession","author":"DOMINELLI Lena","year":"2004"},{"key":"ref18","series-title":"L'insertion professionnelle des publics pr\u00e9caires","volume-title":"Pr\u00e9face","author":"DUBET Fran\u00e7ois","year":"2004"},{"key":"ref19","series-title":"L'autonomie, fiction n\u00e9cessaire de l'insertion?","author":"DUVOUX N."},{"key":"ref20","series-title":"Metodologias e t\u00e9cnicas do servi\u00e7o social","first-page":"21","volume-title":"O paradigma de correla\u00e7\u00e3o de for\u00e7as e estrat\u00e9gias de ac\u00e7\u00e3o em servi\u00e7o social","author":"FALEIROS Vicente de Paula","year":"1996"},{"key":"ref21","series-title":"100 anos de servi\u00e7o social","first-page":"313","volume-title":"Desafios do servi\u00e7o social na era da globaliza\u00e7\u00e3o","author":"FALEIROS Vicente de Paula","year":"2001"},{"key":"ref22","series-title":"Servi\u00e7o social, pol\u00edtica social e trabalho: desafios e perspectivas para o s\u00e9culo XXI","first-page":"23","volume-title":"O servi\u00e7o social no mundo contempor\u00e1neo","author":"FALEIROS Vicente de Paula","year":"2006"},{"issue":"12","key":"ref23","first-page":"10","article-title":"Le sujet au coeur de la question sociale","author":"FRANSSEN A.","year":"2003","journal-title":"La Revue Nouvelle"},{"key":"ref24","series-title":"Le travail social au singulier","author":"ION Jacques","year":"1998"},{"key":"ref25","series-title":"Le travail social en d\u00e9bat[s]","first-page":"5","volume-title":"Introduction","author":"ION Jacques","year":"2005"},{"key":"ref26","series-title":"G\u00e9nese, emerg\u00eancia e institucionaliza\u00e7\u00e3o do servi\u00e7o social portugu\u00eas","author":"MARTINS Alcina","year":"1999"},{"key":"ref27","series-title":"Challenging social work: the contexts of practice","author":"McDONALD Catherine","year":"2006"},{"key":"ref28","series-title":"100 anos de servi\u00e7o social","first-page":"23","volume-title":"Servi\u00e7o social: um s\u00e9culo de exist\u00eancia","author":"McDONALD Catherine","year":"2001"},{"key":"ref29","series-title":"L'empowerment et l'intervention sociale, 2003","author":"NINACS William"},{"key":"ref30","series-title":"Political theory in transition","first-page":"33","volume-title":"Identity, diversity and politics of recognition","author":"PATRICK M.","year":"2000"},{"key":"ref31","series-title":"Repenser la solidarit\u00e9: l'apport des sciences sociales","author":"PAUGAM Serge","year":"2007"},{"key":"ref32","series-title":"La nouvelle question sociale: repenser l'\u00c9tat-providence","author":"ROSANVALLON Pierre","year":"1995"},{"key":"ref33","series-title":"La crise de l'\u00c9tat-providence","author":"ROSANVALLON Pierre","year":"1984"},{"key":"ref34","series-title":"Le travail social en d\u00e9bat[s]","first-page":"86","volume-title":"Une solidarit\u00e9 de responsabilisation","author":"SOULET Marc-Henry","year":"2005"},{"issue":"15","key":"ref35","first-page":"11","article-title":"Le travail social paliatif: entre r\u00e9duction des risques et int\u00e9gration relative","author":"SOULET Marc-Henry","year":"2007","journal-title":"Cidades - Comunidades e Territ\u00f3rios"},{"key":"ref36","series-title":"La historia de las ideas en el trabajo social","author":"SOYDAN Haluk","year":"2003"},{"key":"ref37","series-title":"Social work in a risk society: social and political perspectives","author":"WEBB Stephan","year":"2006"},{"key":"ref38","series-title":"L'insertion, les politiques en crise","author":"WHULL Simon","year":"1996"}],"container-title":["Servi\u00e7o Social &amp; Sociedade"],"original-title":[],"link":[{"URL":"http:\/\/www.scielo.br\/pdf\/sssoc\/n108\/a05n108.pdf","content-type":"unspecified","content-version":"vor","intended-application":"similarity-checking"}],"deposited":{"date-parts":[[2020,6,28]],"date-time":"2020-06-28T05:04:48Z","timestamp":1593320688000},"score":1,"resource":{"primary":{"URL":"http:\/\/www.scielo.br\/scielo.php?script=sci_arttext&pid=S0101-66282011000400005&lng=pt&tlng=pt"}},"subtitle":[],"short-title":[],"issued":{"date-parts":[[2011,12]]},"references-count":38,"journal-issue":{"issue":"108","published-print":{"date-parts":[[2011,12]]}},"alternative-id":["S0101-66282011000400005"],"URL":"https:\/\/doi.org\/10.1590\/s0101-66282011000400005","relation":{},"ISSN":["0101-6628"],"issn-type":[{"value":"0101-6628","type":"electronic"}],"subject":[],"published":{"date-parts":[[2011,12]]}}}