{"status":"ok","message-type":"work","message-version":"1.0.0","message":{"indexed":{"date-parts":[[2025,4,21]],"date-time":"2025-04-21T12:04:51Z","timestamp":1745237091981},"reference-count":61,"publisher":"FapUNIFESP (SciELO)","issue":"63","content-domain":{"domain":[],"crossmark-restriction":false},"short-container-title":["Rev. Bras. Hist."],"published-print":{"date-parts":[[2012]]},"abstract":"<jats:p>A 25 de abril de 1974 um golpe de Estado levado a cabo pelo Movimento das For\u00e7as Armadas (MFA) p\u00f5e fim a 48 anos de ditadura do Estado Novo e inicia o per\u00edodo que ficaria conhecido como Revolu\u00e7\u00e3o dos Cravos. O MFA granjeia de imediato apoio popular e mais tarde um crescente prest\u00edgio pol\u00edtico que o levar\u00e1 a ocupar um lugar de destaque na estabiliza\u00e7\u00e3o do Estado e na consolida\u00e7\u00e3o do regime democr\u00e1tico. Por\u00e9m, sucumbir\u00e1 na crise de governa\u00e7\u00e3o imposta pela tens\u00e3o social da segunda metade de 1975. Neste artigo analisamos a ascens\u00e3o e queda desse movimento de oficiais, a forma como ganhou apoio popular e as raz\u00f5es explicativas do seu desmoronamento, um caso de estudo a n\u00edvel mundial pela participa\u00e7\u00e3o destacada que teve no derrube da mais longa ditadura militar da Europa Ocidental do s\u00e9culo XX.<\/jats:p>","DOI":"10.1590\/s0102-01882012000100019","type":"journal-article","created":{"date-parts":[[2012,8,29]],"date-time":"2012-08-29T04:43:50Z","timestamp":1346215430000},"page":"403-425","source":"Crossref","is-referenced-by-count":5,"title":["\"Um, dois, tr\u00eas MFA...\": o Movimento das For\u00e7as Armadas na Revolu\u00e7\u00e3o dos Cravos - do prest\u00edgio \u00e0 crise"],"prefix":"10.1590","volume":"32","author":[{"given":"Raquel","family":"Varela","sequence":"first","affiliation":[{"name":"Universidade Nova de Lisboa,  Portugal"}]}],"member":"530","reference":[{"key":"ref1","series-title":"Hist\u00f3ria do Partido Comunista Portugu\u00eas na Revolu\u00e7\u00e3o dos Cravos","author":"VARELA Raquel","year":"2011"},{"key":"ref2","series-title":"Hist\u00f3ria de Portugal","first-page":"21","volume-title":"Portugal em transe (1974-1985)","author":"FERREIRA Ant\u00f3nio Medeiros","year":"1993"},{"key":"ref3","series-title":"Pensamento e ac\u00e7\u00e3o pol\u00edtica: Portugal s\u00e9culo XX (1890-1976)","author":"ROSAS Fernando","year":"2004"},{"key":"ref4","series-title":"\"A adapta\u00e7\u00e3o do regime a tais aspira\u00e7\u00f5es [diversifica\u00e7\u00e3o da produ\u00e7\u00e3o, associa\u00e7\u00e3o de capital estrangeiro, tecnologia moderna, esbarram na falta de m\u00e3o de obra, na baixa produtividade e no impasse pol\u00edtico], a 'liberaliza\u00e7\u00e3o' e a reconvers\u00e3o da rela\u00e7\u00e3o colonial cl\u00e1ssica em neocolonial foram, no entanto, bloqueadas nos anos 70, principalmente pelos limites estreitos impostos pela guerra colonial (contra os movimentos de liberta\u00e7\u00e3o) e pelos grupos mais rigidamente ligados aos interesses coloniais (por exemplo, Esp\u00edrito Santo) e, secundariamente, pela persist\u00eancia de for\u00e7as ideol\u00f3gicas e\/ou reaccion\u00e1rias (ligadas \u00e0 terra, ao com\u00e9rcio tradicional e condicionamentos cl\u00e1ssicos)\"","volume":"3","author":"SANTOS Maria de Lurdes","year":"1976"},{"key":"ref5","series-title":"A constru\u00e7\u00e3o da democracia em Portugal","author":"MAXWELL Kenneth","year":"1999"},{"key":"ref6","series-title":"25 DE ABRIL. DOCUMENTO","volume-title":"\"Proclama\u00e7\u00e3o lida ao pa\u00eds pelo general Sp\u00ednola\"","edition":"2"},{"key":"ref7","series-title":"25 DE ABRIL. DOCUMENTO","volume-title":"Programa do Movimento das For\u00e7as Armadas"},{"key":"ref8","series-title":"Carlucci vs. Kissinger: os EUA e a Revolu\u00e7\u00e3o Portuguesa","author":"GOMES Bernardino","year":"2008"},{"key":"ref9","article-title":"\"Exorta\u00e7\u00e3o ao Povo Portugu\u00eas\"","year":"2008","journal-title":"Avante!"},{"key":"ref10","series-title":"O poder caiu na rua","author":"CEREZALES Diego Palacios","year":"2003"},{"key":"ref11","series-title":"Os militares na Revolu\u00e7\u00e3o de Abril: o Conselho da Revolu\u00e7\u00e3o e a transi\u00e7\u00e3o para a democracia em Portugal","author":"REZOLA Maria In\u00e1cia","year":"2006"},{"key":"ref12","series-title":"Portugal: do autoritarismo \u00e0 democracia","author":"SCHMITTER Philip","year":"1999"},{"key":"ref13","series-title":"\"Regresso do ex\u00edlio de \u00c1lvaro Cunhal\""},{"key":"ref14","series-title":"COMUNICADOS DO CC DO PCP","first-page":"21","volume-title":"\"Resolu\u00e7\u00e3o sobre a situa\u00e7\u00e3o pol\u00edtica\"","year":"1974"},{"key":"ref15","series-title":"\"Os Comunistas e o 25 de Abril\"","year":"1974"},{"key":"ref16","series-title":"\"Os Comunistas no Governo Provis\u00f3rio\"","year":"1974"},{"key":"ref17","series-title":"Discursos","volume":"4","author":"CUNHAL \u00c1lvaro","year":"1975"},{"key":"ref18","series-title":"Rep\u00fablica","year":"1975"},{"key":"ref19","series-title":"MDP (Movimento Democr\u00e1tico Popular - frente eleitoral do PCP); FSP (Frente Socialista Popular, cis\u00e3o do PS), CDS (Centro Democr\u00e1tico e Social, conservador, democracia crist\u00e3)"},{"key":"ref20","series-title":"Alian\u00e7a Oper\u00e1rio Camponesa, uma organiza\u00e7\u00e3o maoista"},{"key":"ref21","series-title":"\"1\u00aa Plataforma de Acordo Constitucional\""},{"key":"ref22","series-title":"Discursos","volume":"4","author":"CUNHAL \u00c1lvaro","year":"1975"},{"key":"ref23","series-title":"25 DE ABRIL: 30 anos","first-page":"74","volume-title":"Portugal","author":"SOLANO Jos\u00e9","year":"2004"},{"key":"ref24","series-title":"Avante!","year":"1975"},{"key":"ref25","series-title":"Contenci\u00f3n y Transgresi\u00f3n: las movilizaciones sociales y el Estado en las transiciones espa\u00f1ola y portuguesa","author":"MU\u00d1OZ Duran","year":"2000"},{"key":"ref26","series-title":"A Revolu\u00e7\u00e3o dos Cravos","first-page":"156","author":"AFONSO A.","year":"2004"},{"key":"ref27","series-title":"\"Surto Grevista\"","year":"1975"},{"key":"ref28","series-title":"Um outro pa\u00eds","author":"TREFFAULT S\u00e9rgio","year":"2004"},{"key":"ref29","series-title":"Os moradores \u00e0 conquista da cidade","first-page":"59","author":"DOWS Chip","year":"1978"},{"key":"ref30","series-title":"\"Medidas Revolucion\u00e1rias. Avan\u00e7o da revolu\u00e7\u00e3o\"","year":"1975"},{"key":"ref31","series-title":"Textos hist\u00f3ricos da Revolu\u00e7\u00e3o","first-page":"50","author":"NEVAS Orlando","year":"1976"},{"key":"ref32","series-title":"DOCUMENTOS DO CC DO PCP","volume":"3","year":"1975"},{"key":"ref33","first-page":"50","author":"NEVAS","year":"1976"},{"key":"ref34","series-title":"Controle Oper\u00e1rio em Portugal (I)","first-page":"765","volume-title":"\"Sobre o Controlo Oper\u00e1rio na Sociedade Central de Cervejas\"","author":"PATRIARCA F\u00e1tima","year":"1976","edition":"3"},{"key":"ref35","series-title":"A economia portuguesa desde 1960","author":"LOPES Jos\u00e9 da Silva","year":"1999"},{"key":"ref36","series-title":"Records of the Prime Ministers Office: Correspondence and Papers PREM 16\/602. Visit to UK by Portuguese Foreign Minister, Major Melo Antunes: meeting with Prime Minister on 27 June 1975. PORTUGAL Records of the Prime Ministers","year":"1975"},{"key":"ref37","series-title":"\"O caso do jornal Republica\"","year":"1975"},{"key":"ref38","series-title":"Records of the Prime Ministers Office: Correspondence and Papers PREM 16\/602"},{"key":"ref39","series-title":"\"M\u00e1rio Soares com a Imprensa\"","year":"1975"},{"key":"ref40","series-title":"\"A estrutura\u00e7\u00e3o do anticomunismo terrorista baseou-se em quatro componentes: o apoio da hierarquia eclesi\u00e1stica, cujo epicentro foi o episcopado de Braga; a ajuda operacional, t\u00e9cnica e econ\u00f3mica de Espanha, que al\u00e9m disso proporcionava uma retaguarda segura; a colabora\u00e7\u00e3o com os militares contr\u00e1rios ao 25 de Abril, que vertebraram todo o movimento tornando-o eficaz; e por \u00faltimo a concord\u00e2ncia de todas as for\u00e7as pol\u00edticas desde os socialistas at\u00e9 \u00e0 direita, maiorit\u00e1rias no distritos do centro e norte do pa\u00eds\"","author":"CERVELL\u00d3 Josep S\u00e1nchez","year":"1993"},{"key":"ref41","series-title":"DOCUMENTOS DO CC DO PCP","first-page":"31","volume-title":"\"Nota sobre o momento pol\u00edtico\": Comiss\u00e3o Pol\u00edtica do CC do PCP","volume":"3","year":"1975"},{"key":"ref42","series-title":"\"Nota da Comiss\u00e3o Pol\u00edtica\", de 27 jul. 1975","year":"1975"},{"key":"ref43","series-title":"Cronologia Pulsar da Revolu\u00e7\u00e3o, jul. 1975, Centro de Documenta\u00e7\u00e3o 25 de Abril"},{"key":"ref44","series-title":"\"Discurso na tomada de posse do V Governo Provis\u00f3rio\"","first-page":"357","author":"GON\u00c7ALVES Vasco","year":"1977"},{"key":"ref45","first-page":"9","article-title":"Do 25 de Novembro \u00e0s elei\u00e7\u00f5es para a Assembleia Constituinte","volume":"6","author":"CUNHAL \u00c1lvaro","year":"1976","journal-title":"Discursos Pol\u00edticos"},{"key":"ref46","series-title":"DOCUMENTOS POL\u00cdTICOS DO CC DO PCP","first-page":"70","volume-title":"\"Comunicado sobre a forma\u00e7\u00e3o do V Governo Provis\u00f3rio\": Comiss\u00e3o Pol\u00edtica do CC do PCP","volume":"3","year":"1975"},{"key":"ref47","series-title":"A Crise Pol\u00edtico Militar","first-page":"94","volume-title":"\"Discurso no com\u00edcio do PCP na Pra\u00e7a do Campo Pequeno\"","author":"CUNHAL \u00c1lvaro","year":"1975"},{"key":"ref48","series-title":"DOCUMENTOS POL\u00cdTICOS DO CC DO PCP","first-page":"70","volume-title":"\"Comunicado sobre a forma\u00e7\u00e3o do V Governo Provis\u00f3rio\": Comiss\u00e3o Pol\u00edtica do CC do PCP","volume":"3","year":"1975"},{"key":"ref49","series-title":"Avante!","year":"1975"},{"key":"ref50","series-title":"Avante!","year":"1975"},{"key":"ref51","series-title":"Avante!","year":"1975"},{"key":"ref52","series-title":"Discursos Pol\u00edticos 5","volume-title":"\"Interven\u00e7\u00e3o na reuni\u00e3o plen\u00e1ria do CC do PCP\"","author":"CUNHAL","year":"1975"},{"key":"ref53","series-title":"Avante!","year":"1975"},{"key":"ref54","series-title":"Discursos Pol\u00edticos 5","volume-title":"\"Interven\u00e7\u00e3o na reuni\u00e3o plen\u00e1ria do Comit\u00e9 Central do PCP\"","author":"CUNHAL","year":"1975"},{"key":"ref55","series-title":"Vasco Gon\u00e7alves: um general na Revolu\u00e7\u00e3o","author":"CRUZEIRO Maria Manuela","year":"2002"},{"key":"ref56","series-title":"Discursos Pol\u00edticos 5","volume-title":"\"Discurso no com\u00edcio do PCP em \u00c9vora\"","author":"CUNHAL","year":"1975"},{"key":"ref57","series-title":"Discursos Pol\u00edticos 5","first-page":"156","volume-title":"\"Interven\u00e7\u00e3o na reuni\u00e3o plen\u00e1ria do Comit\u00e9 Central do PCP\"","author":"CUNHAL","year":"1975"},{"key":"ref58","series-title":"DOCUMENTOS POL\u00cdTICOS DO COMIT\u00c9 CENTRAL DO PCP","first-page":"87","volume-title":"\"Declara\u00e7\u00e3o sobre a crise pol\u00edtica actual\"","volume":"3","year":"1975"},{"key":"ref59","series-title":"Os Apontamentos","volume-title":"\"A Dist\u00e2ncia como Pol\u00edtica\"","author":"SARAMAGO Jos\u00e9","year":"1975"},{"key":"ref60","series-title":"Arquivo da RTP"},{"key":"ref61","series-title":"\"25 de Novembro: Quantos Golpes Afinal?\"","author":"CRUZEIRO Maria Manuela"}],"container-title":["Revista Brasileira de Hist\u00f3ria"],"original-title":[],"link":[{"URL":"http:\/\/www.scielo.br\/pdf\/rbh\/v32n63\/19.pdf","content-type":"unspecified","content-version":"vor","intended-application":"similarity-checking"}],"deposited":{"date-parts":[[2017,5,27]],"date-time":"2017-05-27T05:02:52Z","timestamp":1495861372000},"score":1,"resource":{"primary":{"URL":"http:\/\/www.scielo.br\/scielo.php?script=sci_arttext&pid=S0102-01882012000100019&lng=pt&tlng=pt"}},"subtitle":[],"short-title":[],"issued":{"date-parts":[[2012]]},"references-count":61,"journal-issue":{"issue":"63","published-print":{"date-parts":[[2012]]}},"alternative-id":["S0102-01882012000100019"],"URL":"https:\/\/doi.org\/10.1590\/s0102-01882012000100019","relation":{},"ISSN":["0102-0188"],"issn-type":[{"value":"0102-0188","type":"electronic"}],"subject":[],"published":{"date-parts":[[2012]]}}}