{"status":"ok","message-type":"work","message-version":"1.0.0","message":{"indexed":{"date-parts":[[2023,8,17]],"date-time":"2023-08-17T15:29:10Z","timestamp":1692286150567},"reference-count":38,"publisher":"FapUNIFESP (SciELO)","issue":"3","content-domain":{"domain":[],"crossmark-restriction":false},"short-container-title":["Acta Bot. Bras."],"published-print":{"date-parts":[[2008,9]]},"abstract":"<jats:p>As comunidades anf\u00edbias pioneiras da bacia hidrogr\u00e1fica do Rio Sado (Setor Mari\u00e2nico-Monchiquense, Subprov\u00edncia Luso-Extremadurense e Setor Ribatagano-Sadense, Subprov\u00edncia Sadense-Divis\u00f3rio Portuguesa) foram objeto do presente estudo. Destacando-se a composi\u00e7\u00e3o flor\u00edstica de cada fitocenose, bem como os dados referentes \u00e0 sua ecologia, corologia e sintaxonomia, s\u00e3o apresentadas as principais comunidades vegetais anf\u00edbias identificadas: Junco capitati-Isoetetum hystricis Braun-Blanquet 1936, Junco pygmaei-Isoetetum velati Rivas Goday 1956, Periballio laevis-Illecebretum verticillati Rivas Goday 1954, Loto subbiflori-Chaetopogonetum fasciculati Rivas-Mart\u00ednez &amp; Costa in Rivas-Mart\u00ednez, Costa, Castroviejo &amp; E. Vald\u00e9s 1980, Hyperico elodis-Rhynchosporetum rugosae Neto, Capelo, J.C. Costa &amp; Lous\u00e3 in Neto 1997, Anagallido tenellae-Juncetum bulbosi Braun-Blanquet 1967, Utriculario exoletae-Sphagnetum auriculati Neto, Capelo, J.C. Costa &amp; Lous\u00e3 1996 e Cirsio palustris-Juncetum rugosi Neto, Capelo, J.C. Costa &amp; Lous\u00e3 1996). Este estudo mostrou que essas comunidades vegetais s\u00e3o, em sua maioria, relictos, com \u00e1reas de distribui\u00e7\u00e3o restritas e encontram-se fortemente pressionadas pela crescente a\u00e7\u00e3o antr\u00f3pica e pelas altera\u00e7\u00f5es clim\u00e1ticas. Embora com caracter\u00edsticas claramente atl\u00e2nticas, foram sendo invadidas por esp\u00e9cies mediterr\u00e2nicas, cujo dom\u00ednio foi progressivamente aumentando desde o per\u00edodo Atl\u00e2ntico (7800-5700 B.P.), durante o qual se verificou o seu \u00f3timo.<\/jats:p>","DOI":"10.1590\/s0102-33062008000300014","type":"journal-article","created":{"date-parts":[[2008,11,18]],"date-time":"2008-11-18T06:25:05Z","timestamp":1226989505000},"page":"771-781","source":"Crossref","is-referenced-by-count":2,"title":["Contribui\u00e7\u00e3o para o conhecimento das comunidades anf\u00edbias no sul de Portugal"],"prefix":"10.1590","volume":"22","author":[{"given":"Mar\u00edzia Menezes Dias","family":"Pereira","sequence":"first","affiliation":[{"name":"Universidade de \u00c9vora,  Portugal"}]},{"given":"Carlos","family":"Silva Neto","sequence":"additional","affiliation":[{"name":"Universidade de Lisboa,  Portugal"}]}],"member":"530","reference":[{"key":"ref1","series-title":"Flora Iberica: Plantas vasculares de la Pen\u00ednsula Ib\u00e9rica e Islas Baleares","volume":"XXI","author":"Aedo C.","year":"2005"},{"key":"ref2","first-page":"5","article-title":"C\u00f3digo de Nomenclatura Fitosociol\u00f3gica","volume":"4","author":"Barkman J.J.","year":"1988","journal-title":"Opuscula Botanica Pharmaciae Complutensis"},{"key":"ref3","series-title":"Not\u00edcia Explicativa da folha 40-A (Viana do Alentejo) da Carta Geol\u00f3gica de Portugal na escala 1\/50 000","author":"Barros e Carvalhosa A.","year":"1969"},{"key":"ref4","first-page":"222","article-title":"Irische Pflanzengesellschaften. Ver\u00f6ff. Ber. Geobot","volume":"25","author":"Braun-Blanquet J.","year":"1952","journal-title":"Inst. E.T.H. Stiffung R\u00fcbel"},{"key":"ref5","first-page":"169","article-title":"\u00dcber die Trockenrasengesellschaften des Festucion vallesiacae in den Ostalpen","volume":"46","author":"Braun-Blanquet J.","year":"1936","journal-title":"Bulletin de la Soci\u00e9t\u00e9 Botanique Suisse"},{"key":"ref6","doi-asserted-by":"crossref","first-page":"1","DOI":"10.1007\/BF02639845","article-title":"Vegetationsskizzen aus dem Baskenland mit Ausblicken auf das weitere Ibero-Atlantikum. II Teil.","volume":"14","author":"Braun-Blanquet J.","year":"1967","journal-title":"Vegetatio"},{"key":"ref7","series-title":"Fitosociologia. Bases para el estudio de las comunidades vegetales","author":"Braun-Blanquet J.","year":"1979"},{"key":"ref8","first-page":"263","article-title":"Considerazione sintassonomiche sula classe Isoeto-Nanojuncetea","volume":"11","author":"Brullo S.","year":"1998","journal-title":"Itinera Geobot\u00e1nica"},{"key":"ref9","series-title":"Flora Iberica. Plantas vasculares de la Pen\u00ednsula Iberica e Islas Baleares: v.V - Ebenaceae-Saxifragaceae","author":"Castroviejo S.","year":"1997"},{"key":"ref10","article-title":"Directiva 92\/43\/CEE do Conselho de 21 de maio de 1992","year":"1992","journal-title":"Jornal Oficial das Comunidades Europeias"},{"key":"ref11","series-title":"Nova Flora de Portugal (Continente e A\u00e7ores).","volume":"III","author":"Franco J.A.","year":"2003"},{"key":"ref12","series-title":"Nova Flora de Portugal (Continente e A\u00e7ores)","volume":"I, II","author":"Franco J.A."},{"key":"ref13","series-title":"Syntaxonomie","first-page":"1","volume-title":"Notions fondamentales de Phytosociologie","author":"G\u00e9hu J.M.","year":"1981"},{"key":"ref14","series-title":"Phytosociologie","author":"Guinochet M.","year":"1973"},{"key":"ref15","first-page":"13","article-title":"C\u00f3digo internacional de nomenclatura fitosociol\u00f3gica","volume":"2","author":"Izco J.","year":"2003","journal-title":"Materiales Did\u00e1cticos Universitarios"},{"key":"ref16","first-page":"1","article-title":"Die Vegetationseinheiten der Linthebene, Nordostschweiz","volume":"61","author":"Koch W.","year":"1926","journal-title":"Jb. St. Gallischen Naturwiss. Ges."},{"key":"ref17","first-page":"161","article-title":"La vegetaci\u00f3n del centro-septentrional de Espa\u00f1a","volume":"9","author":"Loidi J.","year":"1997","journal-title":"Itinera Geobot\u00e1nica"},{"key":"ref18","first-page":"1","article-title":"Ordnung der Isoetetalia (Zwergbinsengesellschaften)","volume":"4","author":"Moor M.","year":"1937","journal-title":"Prodrome des Groupements V\u00e9g\u00e9taux"},{"key":"ref19","first-page":"60","article-title":"Pflanzengesellschaften stehender Gew\u00e4sser in Baden-W\u00fcrttemberg","volume":"19","author":"M\u00fcller T.","year":"1960","journal-title":"Beitr. Naturk. Forsch. S\u00fcdwestdeutschl"},{"key":"ref20","series-title":"A flora e a vegeta\u00e7\u00e3o dos meios palustres do Superdistrito Sadense","author":"Neto C.S.","year":"1997"},{"key":"ref21","first-page":"257","article-title":"Sintaxonomia das Comunidades de turfeira do Superdistrito Sadense","volume":"4","author":"Neto C.S.","year":"1996","journal-title":"Silva Lusitana"},{"key":"ref22","series-title":"S\u00fcddeutsche Pflanzengesellschaften","author":"Oberdofer E.","year":"1957"},{"key":"ref23","series-title":"M\u00e9todo fitossociol\u00f3gico de Braun-Blanquet ou cl\u00e1ssico sigmatista (an\u00e1lise da vegeta\u00e7\u00e3o)","author":"Pereira M.M.D.","year":"2003"},{"key":"ref24","first-page":"227","article-title":"Utricularietea intermedio-minoris class. nov. Ein Beitrag zur Klassifizierung der europ\u00e4ischen Wasserschlauch-Gesellschaften","volume":"5\/6","author":"Pietsch W.","year":"1965","journal-title":"Berichte der Arbeitsgemeinschaft S\u00e4chsischer Botaniker"},{"key":"ref25","first-page":"1","article-title":"Estudio de la vegetaci\u00f3n y fl\u00f3rula del M\u00e1cizo de G\u00fadar y Javalambre","volume":"19","author":"Rivas Goday S.","year":"1961","journal-title":"Anales del Instituto Bot\u00e1nico A. J. Cavanilles"},{"key":"ref26","first-page":"443","article-title":"Comunidades de la Nanocyperion flavescentis W. Koch en Extremadura","volume":"12","author":"Rivas Goday S.","year":"1954","journal-title":"Anales del Instituto Bot\u00e1nico A. J. Cavanilles"},{"key":"ref27","first-page":"539","article-title":"Nuevos \u00f3rdenes y alianzas de Helianthemetea annuae Br. Bl","volume":"15","author":"Rivas Goday S.","year":"1957","journal-title":"Anales del Instituto Bot\u00e1nico A.J. Cavanilles"},{"key":"ref28","first-page":"191","article-title":"Bases ecol\u00f3gicas y estad\u00edsticas de la Fitosociolog\u00eda","volume":"24","author":"Rivas Goday S.","year":"1958","journal-title":"Anales de la Real Academia Nacional de Farmacia"},{"key":"ref29","first-page":"5","article-title":"Vegetaci\u00f3n de Do\u00f1ana (Huelva, Espa\u00f1a)","volume":"2","author":"Rivas-Mart\u00ednez S.","year":"1980","journal-title":"Lazaroa"},{"key":"ref30","first-page":"433","article-title":"Vascular Plant Communities of Spain and Portugal.: Addenda to the syntaxonomical checklist of 2001","volume":"15","author":"Rivas-Mart\u00ednez S.","year":"2002","journal-title":"Itinera Geobot\u00e1nica"},{"key":"ref31","first-page":"5","article-title":"Syntaxonomical Checklist of Vascular Plant Communities of Spain and Portugal to Association Level","volume":"14","author":"Rivas-Mart\u00ednez S.","year":"2001","journal-title":"Itinera Geobot\u00e1nica"},{"key":"ref32","first-page":"5","article-title":"Flora y vegetaci\u00f3n del macizo occidental de la Sierra de Gredos (Sistema Central, Espa\u00f1a)","volume":"10","author":"Sardinero S.","year":"2004","journal-title":"Guineana"},{"key":"ref33","first-page":"1","article-title":"Die Pflanzengesellschaften Nordwestdeutschlands","volume":"3","author":"T\u00fcxen R.","year":"1937","journal-title":"Mitteilungen der Floristisch-Soziologischen Arbeitsgemeinschaft"},{"key":"ref34","series-title":"Flora Europaea","volume":"I, II, III, IV, V","author":"Tutin T.G.","year":"1980","edition":"2 ed."},{"key":"ref35","series-title":"Flora vascular de Andalucia Occidental","volume":"I, II, III","author":"Vald\u00e9s B.","year":"1987"},{"key":"ref36","first-page":"335","article-title":"Aper\u00e7u sur les unit\u00e9s phytosociologiques sup\u00e9rieures des Pays-Bas","volume":"47","author":"Vlieger J.","year":"1937","journal-title":"Ned. Kruidk. Arch."},{"key":"ref37","series-title":"Overzicht der plantengemeenschappen in Nederland (Overview of the plant communities in the Netherlands)","author":"Westhoff V.","year":"1946"},{"key":"ref38","series-title":"Not\u00edcia explicativa da folha 39-A (\u00c1guas de Moura) da Carta Geol\u00f3gica de Portugal na escala 1\/50 000","author":"Zbyszewski G.","year":"1976"}],"container-title":["Acta Botanica Brasilica"],"original-title":[],"link":[{"URL":"http:\/\/www.scielo.br\/pdf\/abb\/v22n3\/v22n3a14.pdf","content-type":"unspecified","content-version":"vor","intended-application":"similarity-checking"}],"deposited":{"date-parts":[[2017,5,26]],"date-time":"2017-05-26T00:22:34Z","timestamp":1495758154000},"score":1,"resource":{"primary":{"URL":"http:\/\/www.scielo.br\/scielo.php?script=sci_arttext&pid=S0102-33062008000300014&lng=pt&tlng=pt"}},"subtitle":[],"short-title":[],"issued":{"date-parts":[[2008,9]]},"references-count":38,"journal-issue":{"issue":"3","published-print":{"date-parts":[[2008,9]]}},"alternative-id":["S0102-33062008000300014"],"URL":"https:\/\/doi.org\/10.1590\/s0102-33062008000300014","relation":{},"ISSN":["0102-3306"],"issn-type":[{"value":"0102-3306","type":"electronic"}],"subject":[],"published":{"date-parts":[[2008,9]]}}}