{"status":"ok","message-type":"work","message-version":"1.0.0","message":{"indexed":{"date-parts":[[2022,4,3]],"date-time":"2022-04-03T02:22:12Z","timestamp":1648952532263},"reference-count":0,"publisher":"FapUNIFESP (SciELO)","issue":"3","content-domain":{"domain":[],"crossmark-restriction":false},"short-container-title":["Psicol. Reflex. Crit."],"DOI":"10.1590\/s0102-79722011000300014","type":"journal-article","created":{"date-parts":[[2011,10,26]],"date-time":"2011-10-26T02:43:10Z","timestamp":1319596990000},"page":"533-541","source":"Crossref","is-referenced-by-count":6,"title":["A organiza\u00e7\u00e3o do autoconceito: an\u00e1lise da estrutura hier\u00e1rquica em adolescentes"],"prefix":"10.1590","volume":"24","author":[{"given":"Francisco","family":"Peixoto","sequence":"first","affiliation":[]},{"given":"Leandro S.","family":"Almeida","sequence":"additional","affiliation":[]}],"member":"530","published-online":{"date-parts":[[2011]]},"container-title":["Psicologia: Reflex\u00e3o e Cr\u00edtica"],"original-title":[],"language":"en","link":[{"URL":"http:\/\/www.scielo.br\/pdf\/prc\/v24n3\/a14v24n3.pdf","content-type":"unspecified","content-version":"vor","intended-application":"similarity-checking"}],"deposited":{"date-parts":[[2016,12,15]],"date-time":"2016-12-15T03:14:41Z","timestamp":1481771681000},"score":1,"resource":{"primary":{"URL":"http:\/\/www.scielo.br\/scielo.php?script=sci_arttext&pid=S0102-79722011000300014&lng=pt&nrm=iso&tlng=en"}},"subtitle":[],"short-title":[],"issued":{"date-parts":[[2011]]},"references-count":0,"journal-issue":{"issue":"3","published-online":{"date-parts":[[2011]]}},"alternative-id":["S0102-79722011000300014"],"URL":"https:\/\/doi.org\/10.1590\/s0102-79722011000300014","relation":{},"ISSN":["0102-7972"],"issn-type":[{"value":"0102-7972","type":"print"}],"subject":[],"published":{"date-parts":[[2011]]}}}