{"status":"ok","message-type":"work","message-version":"1.0.0","message":{"indexed":{"date-parts":[[2022,3,31]],"date-time":"2022-03-31T21:03:31Z","timestamp":1648760611025},"reference-count":39,"publisher":"FapUNIFESP (SciELO)","issue":"4","content-domain":{"domain":[],"crossmark-restriction":false},"short-container-title":["Saude soc."],"published-print":{"date-parts":[[2009,12]]},"abstract":"<jats:p>O presente ensaio foi apresentado em setembro de 2007, no contexto do Semin\u00e1rio Internacional \"Programa de Coopera\u00e7\u00e3o em Ci\u00eancias Sociais para os Pa\u00edses da CPLP\", promovido pela LIESP - Laborat\u00f3rio Interdisciplinar de Estudos e Pesquisas Sociais em Sa\u00fade P\u00fablica, Faculdade de Sa\u00fade P\u00fablica, Universidade de S\u00e3o Paulo. Resulta de um work in progress conducente a uma tese de doutoramento em antropologia m\u00e9dica. Pretende apresentar a condi\u00e7\u00e3o dos jovens refugiados e requerentes de asilo em Portugal, em particular na vertente da sa\u00fade mental. O trabalho de campo levado a cabo com estes jovens envolveu a escuta de muitas narrativas de sofrimento provocado pela sua experi\u00eancia de vida nos contextos originais de guerra, com testemunhos de viol\u00eancia e tortura, e tamb\u00e9m as dificuldades sentidas no longo percurso de viagem de fuga e posterior inser\u00e7\u00e3o em Portugal. O isolamento, as barreiras lingu\u00edsticas, a aus\u00eancia de redes sociais e familiares de apoio e a dificuldade de encontrar, em Portugal, referentes socioculturais e simb\u00f3licos, comprometem o seu desenvolvimento enquanto jovens, levando-nos a equacionar o valor dos referentes identit\u00e1rios na constru\u00e7\u00e3o do eu e at\u00e9 o pr\u00f3prio conceito de juventude.<\/jats:p>","DOI":"10.1590\/s0104-12902009000400003","type":"journal-article","created":{"date-parts":[[2010,1,8]],"date-time":"2010-01-08T18:21:37Z","timestamp":1262974897000},"page":"582-589","source":"Crossref","is-referenced-by-count":1,"title":["Reconstruindo mem\u00f3rias: jovens refugiados em Portugal"],"prefix":"10.1590","volume":"18","author":[{"given":"Maria Cristina","family":"Santinho","sequence":"first","affiliation":[{"name":"ISCTE; Centro em Rede de Investiga\u00e7\u00e3o em Antropologia; Universidade Lus\u00f3fona,  Portugal"}]}],"member":"530","reference":[{"key":"ref1","series-title":"A situa\u00e7\u00e3o dos refugiados no mundo: cinquenta anos de ac\u00e7\u00e3o humanit\u00e1ria","year":"2000"},{"key":"ref2","series-title":"Aux bords du monde: les refugies","author":"AGIER M.","year":"2002"},{"key":"ref3","series-title":"La sagesse de l'ethnologue","author":"AGIER M.","year":"2004"},{"key":"ref4","series-title":"N\u00e3o-lugares","author":"AUGE M.","year":"2005"},{"key":"ref5","series-title":"Terrain sensibles: experience actuelles de l'anthropologie","author":"BOUILLON F.","year":"2006"},{"key":"ref6","series-title":"Anthropologie de la douleur","author":"BRETON D. L.","year":"1995"},{"issue":"4","key":"ref7","doi-asserted-by":"crossref","first-page":"429","DOI":"10.1177\/0022167805280265","article-title":"A critique of postraumatic stress disorder and Dsn","volume":"45","author":"BURSTOW B.","year":"2005","journal-title":"Journal of Humanistic Psychology","ISSN":"http:\/\/id.crossref.org\/issn\/0022-1678","issn-type":"print"},{"key":"ref8","series-title":"L'enqu\u00eate de terrain","author":"CEFA\u00cf D.","year":"2003"},{"key":"ref9","series-title":"Mohave ethnopsychiatry: the psychic disturbances of an indian tribe","author":"DEVEREUX G.","year":"1969"},{"issue":"3","key":"ref10","doi-asserted-by":"crossref","first-page":"362","DOI":"10.1525\/can.2005.20.3.362","article-title":"Compassion and repression: the moral economy of immigration policies in France","volume":"20","author":"FASSIN D.","year":"2005","journal-title":"Cultural Anthropology"},{"key":"ref11","series-title":"Quand les corps se souviennent","author":"FASSIN D.","year":"2006"},{"issue":"1225","key":"ref12","first-page":"4","article-title":"Sant\u00e9, le traitement de la diff\u00e9rence","author":"FASSIN D.","year":"2000","journal-title":"Hommes et Migrations"},{"key":"ref13","series-title":"Les constructions de l'intolerable: etudes d'anthropologie et d'histoire sur les frontieres de l'espace moral","author":"FASSIN D.","year":"2005"},{"key":"ref14","series-title":"Entretien diriger par fons elder: de la nature humaine, justice contre pouvoir","author":"FOUCAULT M.","year":"2006"},{"key":"ref15","series-title":"A interpreta\u00e7\u00e3o do eu na vida de todos os dias","author":"GOFFMAN E.","year":"1986"},{"key":"ref16","series-title":"Asylums: essays on the social situation of mental patients and other inmates","author":"GOFFMAN E.","year":"1961"},{"key":"ref17","series-title":"Estigma: notas sobre a manipula\u00e7\u00e3o da identidade deteriorada","author":"GOFFMAN E.","year":"1998"},{"issue":"2-3","key":"ref18","doi-asserted-by":"crossref","first-page":"225","DOI":"10.1080\/09540269974410","article-title":"Child psychiatry across cultures","volume":"11","author":"HACKETT R.","year":"1999","journal-title":"International Review of Psychiatry","ISSN":"http:\/\/id.crossref.org\/issn\/0954-0261","issn-type":"print"},{"issue":"4","key":"ref19","doi-asserted-by":"crossref","first-page":"397","DOI":"10.1080\/016128400248013","article-title":"Mental health status in refugees: an integrative review of current research","volume":"21","author":"KEYES E.","year":"2000","journal-title":"Issues in Mental Health Nursing","ISSN":"http:\/\/id.crossref.org\/issn\/0161-2840","issn-type":"print"},{"key":"ref20","series-title":"Tense past: cultural essays on memory and trauma","first-page":"173","volume-title":"Landscapes of memory: Trauma, narrative and dissociation","author":"KIRMAYER L. J.","year":"1996"},{"key":"ref21","series-title":"Social suffering","first-page":"Ix","author":"KLEINMAN A.","year":"1997"},{"key":"ref22","series-title":"A efic\u00e1cia simb\u00f3lica, em Antropologia estrutural","author":"L\u00c9VI-STRAUSS C.","year":"1975"},{"key":"ref23","series-title":"Social discovery: an approach to the study of functional groups","author":"LINDEMAN E. C.","year":"1924"},{"issue":"5","key":"ref24","doi-asserted-by":"crossref","first-page":"546","DOI":"10.1001\/jama.286.5.546","article-title":"Longitudinal study of psychiatric symptoms, disability, mortality, and emigration among Bosnian refugees","volume":"286","author":"MOLLICA R.","year":"2001","journal-title":"Journal of the American Medical Association","ISSN":"http:\/\/id.crossref.org\/issn\/0098-7484","issn-type":"print"},{"key":"ref25","series-title":"L'influence qui gu\u00e9rit","author":"NATHAN T.","year":"1994"},{"key":"ref26","series-title":"Cruzando fronteiras disciplinares: um panorama dos estudos migrat\u00f3rios","author":"P\u00d3VOA NETO H.","year":"2005"},{"key":"ref27","series-title":"Writing culture: the poetics and politics of ethnography","volume-title":"Representations are social facts","author":"RABINOW P.","year":"1986"},{"key":"ref28","series-title":"Etre victime: genealogie d'une condition clinique","first-page":"775","author":"RECHTMAN R.","year":"2002"},{"key":"ref29","series-title":"Ex\u00edlio: entre ra\u00edzes e radares","author":"ROLLEMBERG D.","year":"2005"},{"key":"ref30","series-title":"The anthropology of globalization","author":"ROSALDO R.","year":"2001"},{"key":"ref31","series-title":"Not in our genes: biology, idealogy and human nature","author":"ROSE S.","year":"1990"},{"key":"ref32","series-title":"Contra una cultura anestesiada de derechos humanos","author":"RUBIO D. S.","year":"2007"},{"key":"ref33","series-title":"Selected papers on refugee issues","author":"RYNEARSON A. M.","year":"1996"},{"key":"ref34","series-title":"Medical anthropology: regional perspectives and shared concerns","author":"SAILLANT F.","year":"2007"},{"key":"ref35","series-title":"Providing voices?: Civic participation opportunistes for immigrants","author":"SARDINHA J.","year":"2007"},{"issue":"2","key":"ref36","doi-asserted-by":"crossref","first-page":"29","DOI":"10.1590\/S0103-65642001000200003","article-title":"Contribuindo para desvelar a complexidade do cotidiano atrav\u00e9s da pesquisa etnogr\u00e1fica em psicologia","volume":"12","author":"SATTO L.","year":"2001","journal-title":"Psicologia","ISSN":"http:\/\/id.crossref.org\/issn\/0102-3772","issn-type":"print"},{"key":"ref37","series-title":"La double absence: des illusions de l'\u00e9migr\u00e9 aux souffrances de l'immigr\u00e9","author":"SAYAD A.","year":"1999"},{"key":"ref38","series-title":"L'immigration, ou les paradoxes de l'alterite","author":"SAYAD A.","year":"1992"},{"key":"ref39","series-title":"Globalizaci\u00f3n y salud mental","author":"TALARN A.","year":"2007"}],"container-title":["Sa\u00fade e Sociedade"],"original-title":[],"link":[{"URL":"http:\/\/www.scielo.br\/pdf\/sausoc\/v18n4\/03.pdf","content-type":"unspecified","content-version":"vor","intended-application":"similarity-checking"}],"deposited":{"date-parts":[[2017,5,26]],"date-time":"2017-05-26T08:57:45Z","timestamp":1495789065000},"score":1,"resource":{"primary":{"URL":"http:\/\/www.scielo.br\/scielo.php?script=sci_arttext&pid=S0104-12902009000400003&lng=pt&tlng=pt"}},"subtitle":[],"short-title":[],"issued":{"date-parts":[[2009,12]]},"references-count":39,"journal-issue":{"issue":"4","published-print":{"date-parts":[[2009,12]]}},"alternative-id":["S0104-12902009000400003"],"URL":"https:\/\/doi.org\/10.1590\/s0104-12902009000400003","relation":{},"ISSN":["0104-1290"],"issn-type":[{"value":"0104-1290","type":"electronic"}],"subject":[],"published":{"date-parts":[[2009,12]]}}}