{"status":"ok","message-type":"work","message-version":"1.0.0","message":{"indexed":{"date-parts":[[2025,7,30]],"date-time":"2025-07-30T15:15:23Z","timestamp":1753888523130,"version":"3.41.2"},"reference-count":20,"publisher":"FapUNIFESP (SciELO)","issue":"2","license":[{"start":{"date-parts":[[2020,1,1]],"date-time":"2020-01-01T00:00:00Z","timestamp":1577836800000},"content-version":"vor","delay-in-days":0,"URL":"http:\/\/creativecommons.org\/licenses\/by\/4.0\/"},{"start":{"date-parts":[[2020,1,1]],"date-time":"2020-01-01T00:00:00Z","timestamp":1577836800000},"content-version":"am","delay-in-days":0,"URL":"http:\/\/creativecommons.org\/licenses\/by\/4.0\/"},{"start":{"date-parts":[[2020,1,1]],"date-time":"2020-01-01T00:00:00Z","timestamp":1577836800000},"content-version":"tdm","delay-in-days":0,"URL":"http:\/\/creativecommons.org\/licenses\/by\/4.0\/"}],"content-domain":{"domain":[],"crossmark-restriction":false},"short-container-title":["Saude soc."],"DOI":"10.1590\/s0104-129020200000002","type":"journal-article","created":{"date-parts":[[2020,7,29]],"date-time":"2020-07-29T22:41:35Z","timestamp":1596062495000},"source":"Crossref","is-referenced-by-count":2,"title":["Sa\u00fade urbana e territ\u00f3rio: dos desafios pr\u00e9 e durante a pandemia \u00e0s respostas p\u00f3s-pandemia"],"prefix":"10.1590","volume":"29","author":[{"ORCID":"https:\/\/orcid.org\/0000-0002-9925-5374","authenticated-orcid":false,"given":"Raul Borges","family":"Guimar\u00e3es","sequence":"first","affiliation":[{"name":"Universidade Estadual Paulista J\u00falio de Mesquita Filho,  Brasil"}]},{"ORCID":"https:\/\/orcid.org\/0000-0003-4859-9668","authenticated-orcid":false,"given":"Nuno Marques da","family":"Costa","sequence":"additional","affiliation":[{"name":"Universidade de Lisboa,  Portugal"}]},{"ORCID":"https:\/\/orcid.org\/0000-0001-5000-8754","authenticated-orcid":false,"given":"Paulo Nuno","family":"Nossa","sequence":"additional","affiliation":[{"name":"Universidade Coimbra,  Portugal"}]}],"member":"530","published-online":{"date-parts":[[2020]]},"reference":[{"year":"2015","series-title":"17 OBJETIVOS para transformar nosso mundo","key":"ref1"},{"key":"ref2","doi-asserted-by":"crossref","first-page":"S206","DOI":"10.1093\/geront\/gnw039","article-title":"The right to health of older people","volume":"56","author":"BAER B.","year":"2016","journal-title":"Gerontologist"},{"year":"2020","series-title":"CORONAVIRUS disease (COVID-19) pandemic","key":"ref3"},{"key":"ref4","article-title":"Overcoming barriers to health service access and influencing the demand side through purchasing","volume":"31598","author":"ENSOR T.","year":"2004","journal-title":"Working Paper"},{"year":"2010","series-title":"Equidade e acesso aos cuidados de sa\u00fade","author":"FURTADO C.","key":"ref5"},{"year":"2011","series-title":"Growing old in an older Brazil: implications of population aging on growth, poverty, public finance and service delivery","author":"GRAGNOLATI M.","key":"ref6"},{"key":"ref7","series-title":"Construindo cidades saud\u00e1veis: utopias e pr\u00e1ticas","first-page":"33","volume-title":"A cidade saud\u00e1vel no planeamento municipal: exemplos de atua\u00e7\u00e3o na \u00c1rea Metropolitana de Lisboa","author":"LOURO A.","year":"2017"},{"key":"ref8","series-title":"Geografia da sa\u00fade: ambientes e sujeitos sociais no mundo globalizado","first-page":"71","volume-title":"Da a\u00e7\u00e3o em sa\u00fade \u00e0 a\u00e7\u00e3o para a sa\u00fade","author":"MARQUES DA COSTA E.","year":"2016"},{"key":"ref9","series-title":"Construindo cidades saud\u00e1veis: utopias e pr\u00e1ticas","first-page":"123","volume-title":"Participa\u00e7\u00e3o, governa\u00e7\u00e3o e inclus\u00e3o: os contributos da rede de cidades saud\u00e1veis no dom\u00ednio da sa\u00fade e do trabalho","author":"NOSSA P.","year":"2017"},{"year":"2015","series-title":"Ageing in cities: policy highlights","key":"ref10"},{"year":"2010","series-title":"Declara\u00e7\u00e3o de Adelaide sobre a sa\u00fade em todas as pol\u00edticas: no caminho de uma governan\u00e7a compartilhada, em prol da sa\u00fade e do bem-estar","key":"ref11"},{"year":"2005","series-title":"Envelhecimento ativo: uma pol\u00edtica de sa\u00fade","key":"ref12"},{"year":"2003","series-title":"Healthy cities & urban policy research","author":"TAKANO T.","key":"ref13"},{"year":"2000","series-title":"World Health Organization Healthy Cities Project: a project becomes a movement: review of progress 1987 to 1990","author":"TSOUROS A.","key":"ref14"},{"issue":"11","key":"ref15","doi-asserted-by":"crossref","first-page":"2473","DOI":"10.3390\/ijerph15112473","article-title":"The challenges of urban ageing: making cities age-friendly in Europe","volume":"15","author":"VAN HOOF J.","year":"2018","journal-title":"International Journal of Environmental Research and Public Health"},{"year":"2020","series-title":"Response to COVID-19 in Taiwan: Big Data Analytics, New Technology, and Proactive Testing","author":"WANG C. J.","key":"ref16"},{"year":"2010","series-title":"World population prospects: the 2010 revision","key":"ref17"},{"year":"2015","series-title":"World report on ageing and health","key":"ref18"},{"year":"2016","series-title":"Global report on urban health: equitable, healthier cities for sustainable development","key":"ref19"},{"year":"2019","series-title":"Ten threats to global health in 2019","key":"ref20"}],"container-title":["Sa\u00fade e Sociedade"],"original-title":[],"link":[{"URL":"http:\/\/www.scielo.br\/pdf\/sausoc\/v29n2\/1984-0470-sausoc-29-02-e00002.pdf","content-type":"unspecified","content-version":"vor","intended-application":"similarity-checking"}],"deposited":{"date-parts":[[2021,1,23]],"date-time":"2021-01-23T23:02:46Z","timestamp":1611442966000},"score":1,"resource":{"primary":{"URL":"http:\/\/www.scielo.br\/scielo.php?script=sci_arttext&pid=S0104-12902020000200200&tlng=pt"}},"subtitle":[],"short-title":[],"issued":{"date-parts":[[2020]]},"references-count":20,"journal-issue":{"issue":"2","published-online":{"date-parts":[[2020]]}},"alternative-id":["S0104-12902020000200200"],"URL":"https:\/\/doi.org\/10.1590\/s0104-129020200000002","relation":{},"ISSN":["1984-0470","0104-1290"],"issn-type":[{"type":"electronic","value":"1984-0470"},{"type":"print","value":"0104-1290"}],"subject":[],"published":{"date-parts":[[2020]]},"article-number":"e00002"}}