{"status":"ok","message-type":"work","message-version":"1.0.0","message":{"indexed":{"date-parts":[[2025,9,30]],"date-time":"2025-09-30T00:12:32Z","timestamp":1759191152841,"version":"3.44.0"},"reference-count":67,"publisher":"FapUNIFESP (SciELO)","issue":"suppl 1","license":[{"start":{"date-parts":[[2025,1,1]],"date-time":"2025-01-01T00:00:00Z","timestamp":1735689600000},"content-version":"vor","delay-in-days":0,"URL":"http:\/\/creativecommons.org\/licenses\/by\/4.0\/"},{"start":{"date-parts":[[2025,1,1]],"date-time":"2025-01-01T00:00:00Z","timestamp":1735689600000},"content-version":"am","delay-in-days":0,"URL":"http:\/\/creativecommons.org\/licenses\/by\/4.0\/"},{"start":{"date-parts":[[2025,1,1]],"date-time":"2025-01-01T00:00:00Z","timestamp":1735689600000},"content-version":"tdm","delay-in-days":0,"URL":"http:\/\/creativecommons.org\/licenses\/by\/4.0\/"}],"funder":[{"name":"Funda\u00e7\u00e3o para a Ci\u00eancia e a Tecnologia","award":["PTDC\/FER-HFC\/2793\/2020"],"award-info":[{"award-number":["PTDC\/FER-HFC\/2793\/2020"]}]},{"name":"Funda\u00e7\u00e3o para a Ci\u00eancia e a Tecnologia","award":["UIDP\/04209\/2020"],"award-info":[{"award-number":["UIDP\/04209\/2020"]}]},{"name":"Funda\u00e7\u00e3o para a Ci\u00eancia e a Tecnologia","award":["LA\/P\/0132\/2020"],"award-info":[{"award-number":["LA\/P\/0132\/2020"]}]},{"name":"Funda\u00e7\u00e3o para a Ci\u00eancia e a Tecnologia","award":["10.54499\/2022.04155.CEECIND\/CP1734\/CT0004"],"award-info":[{"award-number":["10.54499\/2022.04155.CEECIND\/CP1734\/CT0004"]}]},{"name":"Funda\u00e7\u00e3o para a Ci\u00eancia e a Tecnologia","award":["2024.00880.BDANA"],"award-info":[{"award-number":["2024.00880.BDANA"]}]},{"name":"Funda\u00e7\u00e3o para a Ci\u00eancia e a Tecnologia","award":["10.54499\/2021.00906.CEECIND\/CP1670\/CT0005"],"award-info":[{"award-number":["10.54499\/2021.00906.CEECIND\/CP1670\/CT0005"]}]},{"name":"Funda\u00e7\u00e3o para a Ci\u00eancia e a Tecnologia","award":["PTDC\/FER-HFC\/2793\/2020"],"award-info":[{"award-number":["PTDC\/FER-HFC\/2793\/2020"]}]},{"name":"Funda\u00e7\u00e3o para a Ci\u00eancia e a Tecnologia","award":["UIDP\/04209\/2020"],"award-info":[{"award-number":["UIDP\/04209\/2020"]}]},{"name":"Funda\u00e7\u00e3o para a Ci\u00eancia e a Tecnologia","award":["LA\/P\/0132\/2020"],"award-info":[{"award-number":["LA\/P\/0132\/2020"]}]},{"name":"Funda\u00e7\u00e3o para a Ci\u00eancia e a Tecnologia","award":["10.54499\/2022.04155.CEECIND\/CP1734\/CT0004"],"award-info":[{"award-number":["10.54499\/2022.04155.CEECIND\/CP1734\/CT0004"]}]},{"name":"Funda\u00e7\u00e3o para a Ci\u00eancia e a Tecnologia","award":["2024.00880.BDANA"],"award-info":[{"award-number":["2024.00880.BDANA"]}]},{"name":"Funda\u00e7\u00e3o para a Ci\u00eancia e a Tecnologia","award":["10.54499\/2021.00906.CEECIND\/CP1670\/CT0005"],"award-info":[{"award-number":["10.54499\/2021.00906.CEECIND\/CP1670\/CT0005"]}]},{"name":"Funda\u00e7\u00e3o para a Ci\u00eancia e a Tecnologia","award":["PTDC\/FER-HFC\/2793\/2020"],"award-info":[{"award-number":["PTDC\/FER-HFC\/2793\/2020"]}]},{"name":"Funda\u00e7\u00e3o para a Ci\u00eancia e a Tecnologia","award":["UIDP\/04209\/2020"],"award-info":[{"award-number":["UIDP\/04209\/2020"]}]},{"name":"Funda\u00e7\u00e3o para a Ci\u00eancia e a Tecnologia","award":["LA\/P\/0132\/2020"],"award-info":[{"award-number":["LA\/P\/0132\/2020"]}]},{"name":"Funda\u00e7\u00e3o para a Ci\u00eancia e a Tecnologia","award":["10.54499\/2022.04155.CEECIND\/CP1734\/CT0004"],"award-info":[{"award-number":["10.54499\/2022.04155.CEECIND\/CP1734\/CT0004"]}]},{"name":"Funda\u00e7\u00e3o para a Ci\u00eancia e a Tecnologia","award":["2024.00880.BDANA"],"award-info":[{"award-number":["2024.00880.BDANA"]}]},{"name":"Funda\u00e7\u00e3o para a Ci\u00eancia e a Tecnologia","award":["10.54499\/2021.00906.CEECIND\/CP1670\/CT0005"],"award-info":[{"award-number":["10.54499\/2021.00906.CEECIND\/CP1670\/CT0005"]}]},{"name":"CEEC \u2013 FCT","award":["PTDC\/FER-HFC\/2793\/2020"],"award-info":[{"award-number":["PTDC\/FER-HFC\/2793\/2020"]}]},{"name":"CEEC \u2013 FCT","award":["UIDP\/04209\/2020"],"award-info":[{"award-number":["UIDP\/04209\/2020"]}]},{"name":"CEEC \u2013 FCT","award":["LA\/P\/0132\/2020"],"award-info":[{"award-number":["LA\/P\/0132\/2020"]}]},{"name":"CEEC \u2013 FCT","award":["10.54499\/2022.04155.CEECIND\/CP1734\/CT0004"],"award-info":[{"award-number":["10.54499\/2022.04155.CEECIND\/CP1734\/CT0004"]}]},{"name":"CEEC \u2013 FCT","award":["2024.00880.BDANA"],"award-info":[{"award-number":["2024.00880.BDANA"]}]},{"name":"CEEC \u2013 FCT","award":["10.54499\/2021.00906.CEECIND\/CP1670\/CT0005"],"award-info":[{"award-number":["10.54499\/2021.00906.CEECIND\/CP1670\/CT0005"]}]},{"name":"CEEC \u2013 FCT","award":["PTDC\/FER-HFC\/2793\/2020"],"award-info":[{"award-number":["PTDC\/FER-HFC\/2793\/2020"]}]},{"name":"CEEC \u2013 FCT","award":["UIDP\/04209\/2020"],"award-info":[{"award-number":["UIDP\/04209\/2020"]}]},{"name":"CEEC \u2013 FCT","award":["LA\/P\/0132\/2020"],"award-info":[{"award-number":["LA\/P\/0132\/2020"]}]},{"name":"CEEC \u2013 FCT","award":["10.54499\/2022.04155.CEECIND\/CP1734\/CT0004"],"award-info":[{"award-number":["10.54499\/2022.04155.CEECIND\/CP1734\/CT0004"]}]},{"name":"CEEC \u2013 FCT","award":["2024.00880.BDANA"],"award-info":[{"award-number":["2024.00880.BDANA"]}]},{"name":"CEEC \u2013 FCT","award":["10.54499\/2021.00906.CEECIND\/CP1670\/CT0005"],"award-info":[{"award-number":["10.54499\/2021.00906.CEECIND\/CP1670\/CT0005"]}]},{"name":"CEEC \u2013 FCT","award":["PTDC\/FER-HFC\/2793\/2020"],"award-info":[{"award-number":["PTDC\/FER-HFC\/2793\/2020"]}]},{"name":"CEEC \u2013 FCT","award":["UIDP\/04209\/2020"],"award-info":[{"award-number":["UIDP\/04209\/2020"]}]},{"name":"CEEC \u2013 FCT","award":["LA\/P\/0132\/2020"],"award-info":[{"award-number":["LA\/P\/0132\/2020"]}]},{"name":"CEEC \u2013 FCT","award":["10.54499\/2022.04155.CEECIND\/CP1734\/CT0004"],"award-info":[{"award-number":["10.54499\/2022.04155.CEECIND\/CP1734\/CT0004"]}]},{"name":"CEEC \u2013 FCT","award":["2024.00880.BDANA"],"award-info":[{"award-number":["2024.00880.BDANA"]}]},{"name":"CEEC \u2013 FCT","award":["10.54499\/2021.00906.CEECIND\/CP1670\/CT0005"],"award-info":[{"award-number":["10.54499\/2021.00906.CEECIND\/CP1670\/CT0005"]}]}],"content-domain":{"domain":[],"crossmark-restriction":false},"short-container-title":["Hist. cienc. saude-Manguinhos"],"abstract":"<jats:p>Resumo Mais de dois mil objetos transnacionais est\u00e3o hoje no Museu Nacional de Arqueologia, em Lisboa, e no Museu Municipal Santos Rocha, na Figueira da Foz. Sua hist\u00f3ria est\u00e1 relacionada com o nacionalismo, o colonialismo e o desenvolvimento da arqueologia pr\u00e9-hist\u00f3rica no final do s\u00e9culo XIX e in\u00edcio do s\u00e9culo XX. Cruzando m\u00faltiplas fontes e publica\u00e7\u00f5es de \u00e9poca, o artigo aborda o itiner\u00e1rio dessas cole\u00e7\u00f5es decorrentes, principalmente, das campanhas militares de ocupa\u00e7\u00e3o de territ\u00f3rios africanos e das redes de poder que transportaram at\u00e9 Portugal m\u00faltiplos artefactos. As narrativas, descri\u00e7\u00f5es e categoriza\u00e7\u00f5es euroc\u00eantricas que perduram desde essa \u00e9poca mostram como a pesquisa de proveni\u00eancia \u00e9 fundamental para documentar e confrontar os legados coloniais dos museus.<\/jats:p>","DOI":"10.1590\/s0104-59702025000100043","type":"journal-article","created":{"date-parts":[[2025,9,29]],"date-time":"2025-09-29T15:02:56Z","timestamp":1759158176000},"source":"Crossref","is-referenced-by-count":0,"title":["Colecionismo e contextos coloniais no Museu Nacional de Arqueologia e Museu Municipal Santos Rocha, 1893-1930"],"prefix":"10.1590","volume":"32","author":[{"ORCID":"https:\/\/orcid.org\/0000-0001-7005-1493","authenticated-orcid":false,"given":"Elisabete","family":"Pereira","sequence":"first","affiliation":[{"name":"Universidade de \u00c9vora,  Portugal"}]},{"ORCID":"https:\/\/orcid.org\/0000-0002-5414-3221","authenticated-orcid":false,"given":"Liliana","family":"Caldeira","sequence":"additional","affiliation":[{"name":"Universidade de \u00c9vora,  Portugal"}]},{"ORCID":"https:\/\/orcid.org\/0009-0005-7881-5992","authenticated-orcid":false,"given":"Maria","family":"Figueira","sequence":"additional","affiliation":[{"name":"Museu Municipal Santos Rocha,  Portugal; Universidade de \u00c9vora,  Portugal"}]},{"ORCID":"https:\/\/orcid.org\/0009-0004-6973-8879","authenticated-orcid":false,"given":"Francisca","family":"Laevski","sequence":"additional","affiliation":[{"name":"Universidade de Lisboa,  Portugal"}]},{"ORCID":"https:\/\/orcid.org\/0009-0009-7955-6784","authenticated-orcid":false,"given":"Ana Margarida","family":"Ferreira","sequence":"additional","affiliation":[{"name":"Museu Municipal Santos Rocha,  Portugal"}]},{"ORCID":"https:\/\/orcid.org\/0000-0002-1510-0907","authenticated-orcid":false,"given":"Quintino","family":"Lopes","sequence":"additional","affiliation":[{"name":"Universidade de \u00c9vora,  Portugal"}]}],"member":"530","published-online":{"date-parts":[[2025]]},"reference":[{"issue":"4","key":"ref1","doi-asserted-by":"crossref","first-page":"559","DOI":"10.1086\/498593","article-title":"Objects and the museum","volume":"96","author":"ALBERTI Samuel","year":"2005","journal-title":"Isis"},{"key":"ref2","first-page":"126","article-title":"Resultados do inqu\u00e9rito sobre a presen\u00e7a de patrim\u00f3nio proveniente de territ\u00f3rios n\u00e3o europeus em museus portugueses.","volume":"17","author":"AMARO Gon\u00e7alo","year":"2021","journal-title":"Boletim ICOM Portugal"},{"key":"ref3","series-title":"The social life of things: commodities in cultural perspective","author":"APPADURAI Arjun","year":"1986"},{"key":"ref4","series-title":"Livro de Atas n.39","first-page":"72v","year":"1894"},{"key":"ref5","series-title":"Thinking about the archive and provenance research","volume-title":"Documenting coloniality. From absent information to narrative provenance","author":"BACHMANN Samuel","year":"2022"},{"key":"ref6","series-title":"Cole\u00e7\u00f5es, gabinetes e museus em Portugal no s\u00e9c. XVIII. Museu, viagem e hist\u00f3ria natural - expedi\u00e7\u00f5es cient\u00edficas ao Brasil e a \u00c1frica","author":"BRIGOLA Jo\u00e3o","year":"2019"},{"key":"ref7","series-title":"Os itiner\u00e1rios geogr\u00e1ficos e culturais dos objetos etnogr\u00e1ficos n\u00e3o europeus do Museu Nacional de Arqueologia","author":"CALDEIRA Liliana","year":"2023"},{"key":"ref8","first-page":"105","article-title":"Aquisi\u00e7\u00f5es do Museu Etnol\u00f3gico Portugu\u00eas","volume":"12","author":"CAMPOS Manuel","year":"1907","journal-title":"O Arque\u00f3logo Portugu\u00eas"},{"key":"ref9","first-page":"103","article-title":"Aquisi\u00e7\u00f5es do Museu Etnol\u00f3gico Portugu\u00eas","volume":"16","author":"CARVALHAES Jos\u00e9","year":"1911","journal-title":"O Arque\u00f3logo Portugu\u00eas"},{"key":"ref10","first-page":"160","article-title":"Aquisi\u00e7\u00f5es do Museu Etnol\u00f3gico Portugu\u00eas","volume":"13","author":"CARVALHAES Jos\u00e9","year":"1908","journal-title":"O Arque\u00f3logo Portugu\u00eas"},{"issue":"1","key":"ref11","doi-asserted-by":"crossref","first-page":"25","DOI":"10.1080\/14788810.2015.1110677","article-title":"Mapping the nineteenth-century Brazilian returnee movement: Demographics, life stories and the question of slavery","author":"CASTILLO Lisa","year":"2016","journal-title":"Atlantic Studies"},{"key":"ref12","series-title":"Grande Enciclop\u00e9dia Portuguesa e Brasileira","volume":"3","author":"C\u00c9SAR Alves de Azevedo Pires","year":"1950"},{"key":"ref13","doi-asserted-by":"crossref","first-page":"75","DOI":"10.4467\/00786500.ORG.20.004.12930","article-title":"Collections d'Ethnographie et Mus\u00e9es d'Archeologie: entre d\u00e9saveaux museologiques et jalons de L'Histoire des Sciences de L'Homme","volume":"52","author":"CHEVALIER Ad\u00e8le","year":"2020","journal-title":"Organon"},{"key":"ref14","doi-asserted-by":"crossref","first-page":"143","DOI":"10.4000\/ahrf.10629","article-title":"Entre l'Antique et l'Exotique, le project comparatiste oubli\u00e9 du 'Mus\u00e9um des Antiques'","volume":"2","author":"DAUGERON Bertrand","year":"2009","journal-title":"Annales Historiques de la Revolution Fran\u00e7aise"},{"key":"ref15","series-title":"DESDE A INAUGURA\u00c7\u00c3O do Forte at\u00e9 ao 13 de Dezembro"},{"key":"ref16","series-title":"Thinking about the archive and provenance research.","author":"DEU\u00dfEN Carl","year":"2022"},{"key":"ref17","series-title":"Thinking about the archive and provenance research","volume-title":"Mal d'archives revisited or archive evils from a postcolonial perspective. An obstructed view","author":"EBELING Knut","year":"2022"},{"key":"ref18","series-title":"Le go\u00fbt des autres: de l'exposition coloniale aux Arts premiers","author":"ESTOILE Beno\u00eet d'","year":"2010"},{"key":"ref19","first-page":"124","article-title":"Fossili viventi: prehistoric archaeology and colonial ethnographic collections in liberal Italy","volume":"54","author":"FALCUCCI Beatrice","year":"2022","journal-title":"Organon"},{"key":"ref20","series-title":"The invention of Prehistory: empire, violence, and our obsession with human origins","author":"GEROULANOS Stefanos","year":"2024"},{"issue":"1","key":"ref21","article-title":"The Canary Museum: from transnational trade of human remains to the visual representations of race (1879-1900)","volume":"12","author":"GIR\u00d3N SIERRA \u00c1lvaro","year":"2023","journal-title":"Culture & History Digital Journal"},{"key":"ref22","series-title":"IN MEMORIAM da reabertura do Museu Municipal Dr. Santos Rocha.","year":"1945"},{"key":"ref23","first-page":"18","article-title":"A expedi\u00e7\u00e3o \u00e0 Quincunguilla, na circunscri\u00e7\u00e3o do Ambrizette","volume":"79","author":"JARDIM Jo\u00e3o","year":"1904","journal-title":"Revista Portuguesa Colonial e Mar\u00edtima"},{"key":"ref24","series-title":"The museum of other people","author":"KUPER Adam","year":"2023"},{"key":"ref25","series-title":"LIVRO DE ENTRADAS"},{"key":"ref26","series-title":"Rencontres du MNA: Arch\u00e9ologie en mus\u00e9e et identit\u00e8s nationales en Europe (1848-1914), un h\u00e9ritage en qu\u00eate de nouveaux d\u00e9fis au 21e si\u00e8cle","first-page":"381","volume-title":"Le proche et le lointain: variations autour de la notion de comparaison au Mus\u00e9e d'Arch\u00e9ologie Nationale de Saint-Germain-en-Laye (France)","author":"LORRE Christine","year":"2024"},{"key":"ref27","first-page":"141","article-title":"Montrer, d\u00e9montrer la pr\u00e9histoire: perspectives comparatistes et pr\u00e9histoire au Mus\u00e9e d'Arch\u00e9ologie Nationale de Saint-Germain-en-Laye (1862-1927)","volume":"46","author":"LORRE Christine","year":"2015","journal-title":"Antiquit\u00e8s Nationales"},{"key":"ref28","doi-asserted-by":"crossref","first-page":"727","DOI":"10.1007\/s11191-012-9568-z","article-title":"Documenting collections: cornerstones for more history of science in museums","volume":"23","author":"LOUREN\u00c7O Marta","year":"2014","journal-title":"Science & Education"},{"key":"ref29","series-title":"Subs\u00eddios para a hist\u00f3ria do Museu Etnol\u00f3gico do Dr. Leite de Vasconcelos","author":"MACHADO Jo\u00e3o Saavedra","year":"1965"},{"key":"ref30","series-title":"Slavery and the birth of an African city: Lagos, 1760-1900","author":"MANN Kirstin","year":"2007"},{"key":"ref31","series-title":"Revoltas e campanhas nos Dembos (1872-1919). 47 anos de Independ\u00eancia \u00e0s portas de Luanda","author":"MARRACHO Ant\u00f3nio","year":"2008"},{"key":"ref32","doi-asserted-by":"crossref","first-page":"369","DOI":"10.1111\/j.1467-9655.2012.01748.x","article-title":"Photography and the comparative method: the construction of an anthropological archive","volume":"18","author":"MORTON Christopher","year":"2012","journal-title":"The Journal of the Royal Anthropological Institute"},{"key":"ref33","series-title":"Gazeta da Figueira","first-page":"1","volume":"4","year":"1895"},{"key":"ref34","series-title":"Registo das Entradas por Deposito n\u00ba1","year":"1893"},{"key":"ref35","series-title":"Registo das Entradas por Donativo n\u00ba1","year":"1893"},{"key":"ref36","series-title":"Exposi\u00e7\u00f5es Permanentes. Roteiro","year":"1995"},{"key":"ref37"},{"key":"ref38","series-title":"The Palgrave dictionary of transnational history: from the mid-19th century to the present day","first-page":"729","volume-title":"Museums","author":"OLEAGA Marisa Gonzalez de","year":"2009"},{"key":"ref39","series-title":"A constru\u00e7\u00e3o naval e a ind\u00fastria bacalhoeira na Foz do Mondego","author":"PATA Manuel","year":"2016"},{"key":"ref40","series-title":"Hist\u00f3ria das campanhas de Angola","volume":"1-2","author":"P\u00c9LISSIER Ren\u00e9","year":"2013"},{"key":"ref41","series-title":"Colecionismo arqueol\u00f3gico e redes do conhecimento: atores, cole\u00e7\u00f5es e objetos (1850-1930)","author":"PEREIRA Elisabete","year":"2018"},{"issue":"3","key":"ref42","first-page":"164","article-title":"Reconstituir cole\u00e7\u00f5es e conectar hist\u00f3rias: contextos e perspetivas de investiga\u00e7\u00e3o do projeto TRANSMAT","author":"PEREIRA Elisabete","year":"2021","journal-title":"Revista de Museus"},{"issue":"2","key":"ref43","first-page":"1","article-title":"'Collective wisdom' at the National Archaeological Museum in Portugal","volume":"12","author":"PEREIRA Elisabete","year":"2019","journal-title":"Museum History Journal"},{"key":"ref44","series-title":"Roteiro do Museu Municipal do \"Dr. Santos Rocha\"","author":"PEREIRA Isabel","year":"1982"},{"key":"ref45","first-page":"6","article-title":"Atividades do Museu Nacional de Arqueologia e Etnologia - Reorganiza\u00e7\u00e3o das cole\u00e7\u00f5es: Departamento de Pr\u00e9-Hist\u00f3ria, relat\u00f3rio em dezembro de 1974","volume":"7-9","author":"PEREIRA Maria Luisa Veiga Silva","journal-title":"O Arque\u00f3logo Portugu\u00eas"},{"key":"ref46","series-title":"[Carta]. Epistol\u00e1rio de Jos\u00e9 Leite de Vasconcelos (Arquivo do Museu Nacional de Arqueologia, Lisboa)","author":"PINTO Carlos Maia","year":"1916"},{"key":"ref47","series-title":"Connecting territories","first-page":"127","volume-title":"Change and continuity: the bureaucracy of knowledge in South America","author":"PODGORNY Irina","year":"2021"},{"issue":"1","key":"ref48","doi-asserted-by":"crossref","first-page":"81","DOI":"10.1590\/S0104-59701999000200004","article-title":"De la antig\u00fcedad del hombre en el Plata a la distribuci\u00f3n de las antig\u00fcedades en el mapa: los criterios de organizaci\u00f3n de las colecciones antropol\u00f3gicas del Museo de La Plata entre 1897 y 1930","volume":"6","author":"PODGORNY Irina","year":"1999","journal-title":"Hist\u00f3ria, Ci\u00eancias, Sa\u00fade - Manguinhos"},{"key":"ref49","series-title":"La mus\u00e9ologie. Histoire, d\u00e9veloppements, enjeux actuels","first-page":"38","volume-title":"Histoire de l'histoire des mus\u00e9es: configurations et enjeux","author":"POULOT Dominique","year":"2021"},{"issue":"5","key":"ref50","article-title":"L'exposition pr\u00e9historique de la Galerie de l'Histoire du travail en 1867. Organisation, r\u00e9ception et impacts","author":"QUIBLIER Charlotte","year":"2014","journal-title":"Les Cahiers de l'\u00c9cole du Louvre"},{"key":"ref51","series-title":"Catalogue sommaire du Mus\u00e9e des Antiquit\u00e9s Nationales au ch\u00e2teau de Saint-Germain-en-Laye","author":"REINACH Salomon","year":"1887"},{"key":"ref52","series-title":"Aditamento n.3 ao Cat\u00e1logo. Sala de Compara\u00e7\u00e3o. Arquivo do Museu Municipal Santos Rocha, Documento manuscrito","author":"ROCHA Ant\u00f3nio dos Santos"},{"key":"ref53","series-title":"O Museu Municipal da Figueira da Foz. Cat\u00e1logo Geral. Aditamento n.2","author":"ROCHA Ant\u00f3nio dos Santos","year":"1909"},{"key":"ref54","series-title":"O Museu Municipal da Figueira da Foz. Cat\u00e1logo Geral. Aditamento n.1, 1906-1907","author":"ROCHA Ant\u00f3nio dos Santos","year":"1907"},{"issue":"4","key":"ref55","article-title":"Relat\u00f3rio da Gerencia de 1902-1903","author":"ROCHA Ant\u00f3nio dos Santos","year":"1907","journal-title":"Boletim da Sociedade Arqueol\u00f3gica Santos Rocha"},{"key":"ref56","series-title":"O Museu Municipal da Figueira da Foz. Cat\u00e1logo Geral","author":"ROCHA Ant\u00f3nio dos Santos","year":"1905"},{"key":"ref57","series-title":"Relat\u00f3rio ce","first-page":"81","volume":"3","author":"ROCHA Ant\u00f3nio dos Santos","year":"1897"},{"key":"ref58","series-title":"Une histoire universelle des ruines: des origines aux lumi\u00e8res","author":"SCHNAPP Alain","year":"2020"},{"key":"ref59","series-title":"Scatered finds: archaeology, egyptology and museums","author":"STEVENSON Alice","year":"2019"},{"key":"ref60","series-title":"\u00c0 la Commission des mus\u00e9es et de la biblioth\u00e8que du Canton de Vaud. Rapport sur les collections d'antiquit\u00e9s et d'ethnologie du Mus\u00e9e cantonal, \u00e0 Lausanne","author":"TROYON Fr\u00e9deric","year":"1858"},{"key":"ref61","series-title":"Cataloguing culture: legacies of colonialism in museum documentation","author":"TURNER Hannah","year":"2020"},{"key":"ref62","series-title":"Hist\u00f3ria do Museu Etnol\u00f3gico Portugu\u00eas (1893-1914)","author":"VASCONCELOS Jos\u00e9 Leite de","year":"1915"},{"key":"ref63","first-page":"131","article-title":"Aquisi\u00e7\u00f5es do Museu Etnol\u00f3gico Portugu\u00eas","volume":"18","author":"VASCONCELOS Jos\u00e9 Leite de","year":"1913","journal-title":"O Arque\u00f3logo Portugu\u00eas"},{"key":"ref64","first-page":"44","article-title":"Aquisi\u00e7\u00f5es do Museu Etnol\u00f3gico Portugu\u00eas","volume":"10","author":"VASCONCELOS Jos\u00e9 Leite de","year":"1905","journal-title":"O Arque\u00f3logo Portugu\u00eas"},{"key":"ref65","first-page":"308","article-title":"Aquisi\u00e7\u00f5es do Museu Etnol\u00f3gico Portugu\u00eas","volume":"9","author":"VASCONCELOS Jos\u00e9 Leite de","year":"1904","journal-title":"O Arque\u00f3logo Portugu\u00eas"},{"key":"ref66","first-page":"241","article-title":"Aquisi\u00e7\u00f5es do Museu Etnol\u00f3gico Portugu\u00eas","volume":"1","author":"VASCONCELOS Jos\u00e9 Leite de","year":"1895","journal-title":"O Arque\u00f3logo Portugu\u00eas"},{"key":"ref67","series-title":"Social change in Angola","first-page":"53","volume-title":"To rise with one mind: the Bailundo War of 1902","author":"WHEELER Douglas","year":"1973"}],"container-title":["Hist\u00f3ria, Ci\u00eancias, Sa\u00fade-Manguinhos"],"original-title":["Collecting and colonial contexts at the Museu Nacional de Arqueologia and Museu Municipal Santos Rocha, 1893-1930"],"link":[{"URL":"http:\/\/www.scielo.br\/scielo.php?script=sci_pdf&pid=S0104-59702025000200605&tlng=pt","content-type":"unspecified","content-version":"vor","intended-application":"similarity-checking"}],"deposited":{"date-parts":[[2025,9,29]],"date-time":"2025-09-29T15:03:15Z","timestamp":1759158195000},"score":1,"resource":{"primary":{"URL":"http:\/\/www.scielo.br\/scielo.php?script=sci_arttext&pid=S0104-59702025000200605&tlng=pt"}},"subtitle":[],"short-title":[],"issued":{"date-parts":[[2025]]},"references-count":67,"journal-issue":{"issue":"suppl 1","published-online":{"date-parts":[[2025]]}},"alternative-id":["S0104-59702025000200605"],"URL":"https:\/\/doi.org\/10.1590\/s0104-59702025000100043","relation":{},"ISSN":["1678-4758","0104-5970"],"issn-type":[{"value":"1678-4758","type":"electronic"},{"value":"0104-5970","type":"print"}],"subject":[],"published":{"date-parts":[[2025]]},"article-number":"e2025043"}}