{"status":"ok","message-type":"work","message-version":"1.0.0","message":{"indexed":{"date-parts":[[2025,7,30]],"date-time":"2025-07-30T15:16:04Z","timestamp":1753888564703,"version":"3.41.2"},"reference-count":27,"publisher":"FapUNIFESP (SciELO)","license":[{"start":{"date-parts":[[2020,1,1]],"date-time":"2020-01-01T00:00:00Z","timestamp":1577836800000},"content-version":"vor","delay-in-days":0,"URL":"http:\/\/creativecommons.org\/licenses\/by\/4.0\/"},{"start":{"date-parts":[[2020,1,1]],"date-time":"2020-01-01T00:00:00Z","timestamp":1577836800000},"content-version":"am","delay-in-days":0,"URL":"http:\/\/creativecommons.org\/licenses\/by\/4.0\/"},{"start":{"date-parts":[[2020,1,1]],"date-time":"2020-01-01T00:00:00Z","timestamp":1577836800000},"content-version":"tdm","delay-in-days":0,"URL":"http:\/\/creativecommons.org\/licenses\/by\/4.0\/"}],"content-domain":{"domain":[],"crossmark-restriction":false},"short-container-title":["Rev. Bras. Educ."],"abstract":"<jats:p>RESUMO As conquistas realizadas nas \u00faltimas duas d\u00e9cadas sobre a possibilidade de considerar as crian\u00e7as como sujeitos de pesquisa foram muito significativas e, desse modo, t\u00eam-se multiplicado publica\u00e7\u00f5es que anunciam a participa\u00e7\u00e3o da crian\u00e7a no desenvolvimento de investiga\u00e7\u00f5es. No entanto, o conceito de participa\u00e7\u00e3o tem sido invocado para dar conta de pr\u00e1ticas de pesquisa nas quais, muitas vezes, n\u00e3o est\u00e1 assegurado sequer um n\u00edvel b\u00e1sico em tomar as vozes das crian\u00e7as em considera\u00e7\u00e3o. Neste texto propomos argumentar pela mobiliza\u00e7\u00e3o cr\u00edtica desse conceito com base em dois m\u00e9todos de pesquisa: a etnografia e a investiga\u00e7\u00e3o participativa. Discutiremos semelhan\u00e7as e diferen\u00e7as entre esses m\u00e9todos, argumentando e interrogando as formas e os significados que a participa\u00e7\u00e3o das crian\u00e7as assume em cada um, tendo em conta aspectos epistemol\u00f3gicos e pol\u00edticos que lhes s\u00e3o inerentes e as implica\u00e7\u00f5es que t\u00eam na forma como o conceito de participa\u00e7\u00e3o \u00e9 mobilizado nos processos de pesquisa.<\/jats:p>","DOI":"10.1590\/s1413-24782020250024","type":"journal-article","created":{"date-parts":[[2020,6,5]],"date-time":"2020-06-05T14:56:59Z","timestamp":1591369019000},"source":"Crossref","is-referenced-by-count":5,"title":["A participa\u00e7\u00e3o das crian\u00e7as nas pesquisas: nuances a partir da etnografia e na investiga\u00e7\u00e3o participativa"],"prefix":"10.1590","volume":"25","author":[{"ORCID":"https:\/\/orcid.org\/0000-0001-7697-4803","authenticated-orcid":false,"given":"Nat\u00e1lia","family":"Fernandes","sequence":"first","affiliation":[{"name":"Universidade do Minho,  Portugal"}]},{"ORCID":"https:\/\/orcid.org\/0000-0002-3408-2732","authenticated-orcid":false,"given":"Rita de C\u00e1ssia","family":"Marchi","sequence":"additional","affiliation":[{"name":"Universidade Regional de Blumenau,  Brazil"}]}],"member":"530","published-online":{"date-parts":[[2020]]},"reference":[{"year":"2002","series-title":"Listening to children with communication support needs","author":"AITKEN S.","key":"ref1"},{"issue":"91","key":"ref2","doi-asserted-by":"crossref","first-page":"419","DOI":"10.1590\/S0101-73302005000200007","article-title":"As crian\u00e7as como pesquisadoras: os efeitos dos direitos de participa\u00e7\u00e3o sobre a metodologia de pesquisa","volume":"26","author":"ALDERSON P.","year":"2005","journal-title":"Educa\u00e7\u00e3o & Sociedade"},{"issue":"128","key":"ref3","doi-asserted-by":"crossref","first-page":"699","DOI":"10.1590\/ES0101-73302014128646","article-title":"Mobilidades cotidianas das crian\u00e7as: combinando etnografia, GPS e tecnologias de telefone m\u00f3vel em pesquisa","volume":"35","author":"CHRISTENSEN P.","year":"2014","journal-title":"Educa\u00e7\u00e3o & Sociedade"},{"key":"ref4","series-title":"Sociologia da inf\u00e2ncia","author":"CORSARO W. A.","year":"2011","edition":"2"},{"issue":"66","key":"ref5","doi-asserted-by":"crossref","first-page":"759","DOI":"10.1590\/S1413-24782016216639","article-title":"\u00c9tica na pesquisa com crian\u00e7as: aus\u00eancias e desafios","volume":"21","author":"FERNANDES N.","year":"2016","journal-title":"Revista Brasileira de Educa\u00e7\u00e3o"},{"issue":"2","key":"ref6","doi-asserted-by":"crossref","first-page":"151","DOI":"10.17058\/rea.v18i2.1524","article-title":"\u201c- Ela \u00e9 a nossa prisioneira!\u201d Quest\u00f5es te\u00f3ricas, epistemol\u00f3gicas e \u00e9tico-metodol\u00f3gicas a prop\u00f3sito dos processos de obten\u00e7\u00e3o da permiss\u00e3o das crian\u00e7as pequenas numa pesquisa etnogr\u00e1fica","volume":"18","author":"FERREIRA M.","year":"2010","journal-title":"Reflex\u00e3o e A\u00e7\u00e3o"},{"issue":"4","key":"ref7","doi-asserted-by":"crossref","first-page":"499","DOI":"10.1177\/0907568208091672","article-title":"Methodological immaturity in childhood research!: thinking through \u201cparticipatory methods\u201d","volume":"15","author":"GALLACHER L. A.","year":"2008","journal-title":"Childhood"},{"issue":"3","key":"ref8","doi-asserted-by":"crossref","first-page":"274","DOI":"10.1177\/107780049700300302","article-title":"A participatory inquiry paradigm","volume":"3","author":"HERON J.","year":"1997","journal-title":"Qualitative Inquiry"},{"issue":"2","key":"ref9","doi-asserted-by":"crossref","first-page":"261","DOI":"10.1525\/aa.2007.109.2.261","article-title":"Giving voice to children\u2019s voices: practices and problems, pitfalls and potentials","volume":"109","author":"JAMES A.","year":"2007","journal-title":"American Anthropologist"},{"year":"1990","series-title":"Constructing and reconstructing childhood: contemporary issues in the sociological study of childhood","author":"JAMES A.","key":"ref10"},{"issue":"1","key":"ref11","doi-asserted-by":"crossref","first-page":"21","DOI":"10.1080\/13562576.2011.567897","article-title":"Are there politics in childhood?","volume":"15","author":"KALLIO K. P.","year":"2011","journal-title":"Space and Polity"},{"key":"ref12","doi-asserted-by":"crossref","first-page":"423","DOI":"10.1111\/j.1475-4762.2000.tb00158.x","article-title":"Participatory diagramming: deploying qualitative methods through an action research epistemology","volume":"32","author":"KESBY M.","year":"2000","journal-title":"Area"},{"year":"1999","series-title":"Involving young researchers: how to enable young people to design and conduct research","author":"KIRBY P.","key":"ref13"},{"key":"ref14","series-title":"Handbook of qualitative research","first-page":"191","volume-title":"Paradigmatic controversies\/contradictions\/and emerging confluences","author":"LINCOLN Y. S.","year":"2001","edition":"2"},{"issue":"6","key":"ref15","doi-asserted-by":"crossref","first-page":"927","DOI":"10.1080\/01411920701657033","article-title":"\u201cVoice\u201d is not enough: conceptualising article 12 of the United Nations Convention on the Rights of the Child","volume":"33","author":"LUNDY L.","year":"2007","journal-title":"British Educational Research Journal"},{"issue":"1","key":"ref16","doi-asserted-by":"crossref","first-page":"129","DOI":"10.1177\/0907568211409078","article-title":"Children\u2019s rights and research processes: assisting children to (in)formed views","volume":"19","author":"LUNDY L.","year":"2011","journal-title":"Childhood"},{"issue":"2","key":"ref17","doi-asserted-by":"crossref","first-page":"727","DOI":"10.1590\/2175-623668737","article-title":"Pesquisa etnogr\u00e1fica com crian\u00e7as: participa\u00e7\u00e3o, voz e \u00e9tica","volume":"43","author":"MARCHI R. C.","year":"2018","journal-title":"Educa\u00e7\u00e3o & Realidade"},{"key":"ref18","series-title":"Etnografia e educa\u00e7\u00e3o: conceitos e usos","first-page":"25","volume-title":"Estudos etnogr\u00e1ficos da educa\u00e7\u00e3o: revis\u00e3o de tend\u00eancias no Brasil","author":"MATTOS C. L. G.","year":"2011"},{"year":"1989","series-title":"Conven\u00e7\u00e3o sobre os Direitos da Crian\u00e7a","key":"ref19"},{"issue":"42","key":"ref20","first-page":"18","article-title":"Making children\u2019s participation in neighbourhood settings relevant to the everyday lives of young people","author":"PERCY-SMITH B.","year":"2001","journal-title":"PLA Notes"},{"key":"ref21","series-title":"A participa\u00e7\u00e3o de crian\u00e7as em pesquisas brasileiras das ci\u00eancias sociais e humanas","first-page":"300 f","author":"PRADO R. L. C.","year":"2014"},{"year":"2005","series-title":"The future of childhood","author":"PROUT A","key":"ref22"},{"key":"ref23","series-title":"Research with children: perspectives and practices, 40","first-page":"142","volume-title":"Listening to children: and hearing them","author":"ROBERTS H.","year":"2000"},{"first-page":"1","year":"2011","author":"SANTANA J. P.","key":"ref24"},{"issue":"4","key":"ref25","doi-asserted-by":"crossref","first-page":"91","DOI":"10.4000\/configuracoes.498","article-title":"Radicaliza\u00e7\u00e3o da inf\u00e2ncia na segunda modernidade: para uma sociologia da inf\u00e2ncia cr\u00edtica","author":"SARMENTO M. J.","year":"2008","journal-title":"Configura\u00e7\u00f5es"},{"issue":"2","key":"ref26","doi-asserted-by":"crossref","first-page":"151","DOI":"10.1177\/0907568210387834","article-title":"The limits of children\u2019s voices: from authenticity to critical, reflexive representation","volume":"18","author":"SPYROU S.","year":"2011","journal-title":"Childhood"},{"first-page":"1","year":"2008","author":"TOSTA S.","key":"ref27"}],"container-title":["Revista Brasileira de Educa\u00e7\u00e3o"],"original-title":[],"link":[{"URL":"http:\/\/www.scielo.br\/pdf\/rbedu\/v25\/1809-449X-rbedu-25-e250024.pdf","content-type":"unspecified","content-version":"vor","intended-application":"similarity-checking"}],"deposited":{"date-parts":[[2021,1,23]],"date-time":"2021-01-23T21:11:00Z","timestamp":1611436260000},"score":1,"resource":{"primary":{"URL":"http:\/\/www.scielo.br\/scielo.php?script=sci_arttext&pid=S1413-24782020000100600&tlng=pt"}},"subtitle":[],"short-title":[],"issued":{"date-parts":[[2020]]},"references-count":27,"alternative-id":["S1413-24782020000100600"],"URL":"https:\/\/doi.org\/10.1590\/s1413-24782020250024","relation":{},"ISSN":["1809-449X","1413-2478"],"issn-type":[{"type":"electronic","value":"1809-449X"},{"type":"print","value":"1413-2478"}],"subject":[],"published":{"date-parts":[[2020]]},"article-number":"e250024"}}