{"status":"ok","message-type":"work","message-version":"1.0.0","message":{"indexed":{"date-parts":[[2023,5,26]],"date-time":"2023-05-26T11:10:50Z","timestamp":1685099450260},"reference-count":15,"publisher":"FapUNIFESP (SciELO)","issue":"3","content-domain":{"domain":[],"crossmark-restriction":false},"short-container-title":["Esc. Anna Nery"],"published-print":{"date-parts":[[2010,9]]},"abstract":"<jats:p>Este estudo tem como principal objetivo verificar a import\u00e2ncia que os enfermeiros atribuem \u00e0s compet\u00eancias relacionais na ajuda a doentes em fim de vida. A investiga\u00e7\u00e3o \u00e9 de tipo descritivo-correlacional, transversal, com uma amostra de 56 enfermeiros, selecionada de forma intencional, acidental e desenvolvida a partir da aplica\u00e7\u00e3o de um instrumento de medida que integra o Invent\u00e1rio de Compet\u00eancias Relacionais de Ajuda, Escala de Satisfa\u00e7\u00e3o com a Vida, Quest\u00f5es relativas \u00e0 import\u00e2ncia atribu\u00edda \u00e0 forma\u00e7\u00e3o cont\u00ednua. Da an\u00e1lise dos resultados ressalta-se que os enfermeiros consideram as compet\u00eancias relacionais fundamentais para o cuidado ao doente em fim de vida. O desempenho de compet\u00eancias relacionais de ajuda est\u00e1 significativamente correlacionado com a forma\u00e7\u00e3o que os enfermeiros desenvolveram sobre rela\u00e7\u00e3o de ajuda, bem como com a satisfa\u00e7\u00e3o que t\u00eam com a vida em geral.<\/jats:p>","DOI":"10.1590\/s1414-81452010000300008","type":"journal-article","created":{"date-parts":[[2010,8,18]],"date-time":"2010-08-18T21:41:22Z","timestamp":1282167682000},"page":"485-489","source":"Crossref","is-referenced-by-count":2,"title":["Rela\u00e7\u00e3o de ajuda no desempenho dos cuidados de enfermagem a doentes em fim de vida"],"prefix":"10.1590","volume":"14","author":[{"given":"Rosa Maria Pereira","family":"Sim\u00f5es","sequence":"first","affiliation":[{"name":"Universidade de Coimbra,  Portugal"}]},{"given":"Manuel Alves","family":"Rodrigues","sequence":"additional","affiliation":[{"name":"Escola Superior de Enfermagem,  Portugal; Unidade de Investiga\u00e7\u00e3o em Ci\u00eancias da Sa\u00fade"}]}],"member":"530","reference":[{"key":"ref1","series-title":"Nursing: the philosophy and science of caring","author":"Watson J","year":"1985","edition":"2"},{"key":"ref2","series-title":"Padr\u00f5es de qualidade dos cuidados de enfermagem","year":"2001"},{"key":"ref3","series-title":"Comunica\u00e7\u00e3o, entrevista, rela\u00e7\u00e3o de ajuda e valida\u00e7\u00e3o","author":"Phaneuf M","year":"2005"},{"issue":"4","key":"ref4","first-page":"35","article-title":"Cuidar em fim de vida: factores que interferem no processo de interac\u00e7\u00e3o enfermeiro-doente","volume":"II","author":"Sapteta P","year":"2007","journal-title":"revista de educa\u00e7\u00e3o e forma\u00e7\u00e3o em enfermagem"},{"key":"ref5","series-title":"Reac\u00e7\u00f5es emocionais \u00e0 doen\u00e7a grave: como lidar...","author":"Marques AR","year":"1991"},{"issue":"6","key":"ref6","first-page":"57","article-title":"O enfermeiro com a pessoa em fim de vida na constru\u00e7\u00e3o do cuidar","volume":"II","author":"Frias C","year":"2008","journal-title":"revista de educa\u00e7\u00e3o e forma\u00e7\u00e3o em enfermagem"},{"key":"ref7","series-title":"Desafios da enfermagem em cuidados paliativos: \"cuidar\": \u00e9tica e pr\u00e1ticas","author":"Ahya P","year":"2000"},{"key":"ref8","series-title":"Constru\u00e7\u00e3o e valida\u00e7\u00e3o de um invent\u00e1rio de compet\u00eancias: contributos para a defini\u00e7\u00e3o de um perfil de compet\u00eancias do enfermeiro com o grau de licenciado","author":"Dias M","year":"2006"},{"issue":"2","key":"ref9","first-page":"51","article-title":"Compet\u00eancias relacionais de ajuda nos estudantes de enfermagem","volume":"II","author":"Ferreira MMC","year":"2006","journal-title":"revista de educa\u00e7\u00e3o e forma\u00e7\u00e3o em enfermagem"},{"key":"ref10","series-title":"Ser enfermeira","author":"Adam E","year":"1994"},{"key":"ref11","series-title":"Empatia e respeito","author":"Queir\u00f3s A","year":"1999"},{"issue":"175","key":"ref12","first-page":"28","article-title":"A forma\u00e7\u00e3o cont\u00ednua em enfermagem: estudo baseado nas perspectivas de enfermeiros","volume":"15","author":"Sousa M","year":"2003","journal-title":"Nurs"},{"issue":"1","key":"ref13","doi-asserted-by":"crossref","first-page":"71","DOI":"10.1207\/s15327752jpa4901_13","article-title":"The satisfaction with life scale","volume":"49","author":"Diener E","year":"1985","journal-title":"J Pers Asses"},{"key":"ref14","series-title":"La relation d'aide eu soins infirmiers: une perspective holistique-humaniste","author":"Chalifour J","year":"1989"},{"key":"ref15","first-page":"304","article-title":"Subjective well-being and age: an international analysis","volume":"17","author":"Diener E","year":"1997","journal-title":"Annu Rev Gerontol Geriatr","ISSN":"http:\/\/id.crossref.org\/issn\/0198-8794","issn-type":"print"}],"container-title":["Escola Anna Nery"],"original-title":[],"link":[{"URL":"http:\/\/www.scielo.br\/pdf\/ean\/v14n3\/v14n3a08.pdf","content-type":"unspecified","content-version":"vor","intended-application":"similarity-checking"}],"deposited":{"date-parts":[[2023,5,26]],"date-time":"2023-05-26T10:59:53Z","timestamp":1685098793000},"score":1,"resource":{"primary":{"URL":"http:\/\/www.scielo.br\/scielo.php?script=sci_arttext&pid=S1414-81452010000300008&lng=pt&tlng=pt"}},"subtitle":[],"short-title":[],"issued":{"date-parts":[[2010,9]]},"references-count":15,"journal-issue":{"issue":"3","published-print":{"date-parts":[[2010,9]]}},"alternative-id":["S1414-81452010000300008"],"URL":"https:\/\/doi.org\/10.1590\/s1414-81452010000300008","relation":{},"ISSN":["1414-8145"],"issn-type":[{"value":"1414-8145","type":"electronic"}],"subject":[],"published":{"date-parts":[[2010,9]]}}}