{"status":"ok","message-type":"work","message-version":"1.0.0","message":{"indexed":{"date-parts":[[2022,4,3]],"date-time":"2022-04-03T23:03:12Z","timestamp":1649026992133},"reference-count":60,"publisher":"FapUNIFESP (SciELO)","issue":"3","content-domain":{"domain":[],"crossmark-restriction":false},"short-container-title":["Psicol. cienc. prof."],"published-print":{"date-parts":[[2013]]},"abstract":"<jats:p>Este trabalho incide sobre uma breve revis\u00e3o bibliogr\u00e1fica centrada em alguns conceitos que medeiam entre a sa\u00fade e a priva\u00e7\u00e3o da liberdade, pois insere-se em uma investiga\u00e7\u00e3o mais ampla no \u00e2mbito do doutoramento em Psicologia, focalizada nos comportamentos que interferem com a sa\u00fade em uma popula\u00e7\u00e3o legalmente privada de liberdade, isto \u00e9, de reclusos em cumprimento de penas de pris\u00e3o e de doentes mentais em cumprimento de medidas de seguran\u00e7a e de tratamento. Consideramos que a entrevista psicol\u00f3gica estruturada seja um dos instrumentos de avalia\u00e7\u00e3o que nos possibilita aceder a esses comportamentos, por\u00e9m, antes de nos debru\u00e7armos sobre ela, entendemos pertinente definir alguns conceitos que estiveram na base da sua constru\u00e7\u00e3o, como liberdade versus priva\u00e7\u00e3o jur\u00eddica de liberdade, imputabilidade versus inimputabilidade (de acordo com o ordenamento jur\u00eddico portugu\u00eas), comportamentos de risco e padr\u00f5es dentro e fora da norma.<\/jats:p>","DOI":"10.1590\/s1414-98932013000300005","type":"journal-article","created":{"date-parts":[[2013,10,30]],"date-time":"2013-10-30T15:22:07Z","timestamp":1383146527000},"page":"564-579","source":"Crossref","is-referenced-by-count":0,"title":["Comportamentos (a) normais e recurso \u00e0 entrevista estruturada na avalia\u00e7\u00e3o de (in)imput\u00e1veis juridicamente privados de liberdade"],"prefix":"10.1590","volume":"33","author":[{"given":"Em\u00edlia Tavares","family":"Marques","sequence":"first","affiliation":[{"name":"Universidade do Porto, Portugal"}]},{"given":"Jose Luis Pais","family":"Ribeiro","sequence":"additional","affiliation":[{"name":"Universidade do Porto, Portugal"}]}],"member":"530","reference":[{"key":"ref1","series-title":"Homicidas em Portugal","author":"Almeida F.","year":"1999"},{"key":"ref2","series-title":"Manual de Diagn\u00f3stico e Estat\u00edstica das Perturba\u00e7\u00f5es Mentais","year":"2002","edition":"4a. ed"},{"issue":"4","key":"ref3","doi-asserted-by":"crossref","first-page":"582","DOI":"10.1590\/S1414-98932006000400006","article-title":"Depois das grades: um reflexo da cultura prisional em indiv\u00edduos libertos","volume":"26","author":"Barreto M. L. S.","year":"2006","journal-title":"Psicologia: Ci\u00eancia e Profiss\u00e3o","ISSN":"http:\/\/id.crossref.org\/issn\/1414-9893","issn-type":"print"},{"key":"ref4","series-title":"Handbook of Environmental Psychology","first-page":"pp. 533","volume-title":"Crowding","author":"Baum A.","year":"1987"},{"key":"ref5","series-title":"Psicopatologia patol\u00f3gica: te\u00f3rica e cl\u00ednica","first-page":"pp. 145","volume-title":"No\u00e7\u00e3o de normalidade","author":"Bergeret J.","year":"1998"},{"key":"ref6","series-title":"A mis\u00e9ria do mundo","author":"Bourdieu P.","year":"1999"},{"key":"ref7","series-title":"Sa\u00fade nas pris\u00f5es portuguesas: contributo da ENSP para o debate nacional, em 2003 (in linea).","author":"Briz T.","year":"2003"},{"key":"ref8","series-title":"Temas de \u00e9tica","author":"Cabral S. J. R.","year":"2003"},{"key":"ref9","series-title":"O normal e o patol\u00f3gico","author":"Canguilhem G.","year":"2006"},{"key":"ref10","series-title":"C\u00f3digo Civil","year":"1999"},{"key":"ref11","series-title":"Texto actualizado pela Procuradoria-Geral Distrital de Lisboa - http:\/\/www.pgdlisboa.pt - e gentilmente cedido ao portolegal.com para publica\u00e7\u00e3o","year":"2008"},{"key":"ref12","series-title":"Direc\u00e7\u00e3o-Geral da Pol\u00edtica de Justi\u00e7a do Minist\u00e9rio da Justi\u00e7a (en linea).","year":"2009"},{"key":"ref13","series-title":"as 5 vers\u00f5es ap\u00f3s 25 de abril","year":"1998"},{"key":"ref14","series-title":"Declara\u00e7\u00e3o Universal dos Direitos do Homem","year":"1948"},{"key":"ref15","series-title":"As modernas formas elementares de vida: estudos sobre pris\u00f5es e n\u00e3o nacionais - apresenta\u00e7\u00e3o (en linea).","author":"Dores A. P.","year":"2005"},{"key":"ref16","series-title":"Direito Penal Portugu\u00eas: As consequ\u00eancias jur\u00eddicas do crime","author":"Figueiredo Dias J. de","year":"1993"},{"key":"ref17","series-title":"Handbook of qualitative research","first-page":"pp. 361","volume-title":"Interviewing: The art of science","author":"Fontana A.","year":"1994"},{"key":"ref18","series-title":"Hist\u00f3ria da loucura na idade cl\u00e1ssica","author":"Foucault M.","year":"2005"},{"key":"ref19","series-title":"Metodologias qualitativas na sociologia","author":"Haguette T. M. F.","year":"1997"},{"key":"ref20","doi-asserted-by":"crossref","first-page":"303","DOI":"10.1111\/j.1545-5300.1992.00303.x","article-title":"Behavioural problems in sons of incarcerated or otherwise absent fathers: The issue of separation","volume":"31","author":"Gabel S.","year":"1992","journal-title":"Family Process","ISSN":"http:\/\/id.crossref.org\/issn\/0014-7370","issn-type":"print"},{"issue":"3","key":"ref21","first-page":"187","article-title":"El ideal de la rehabilitaci\u00f3n y la intervenci\u00f3n en las prisiones.","volume":"3","author":"Garrido-Genov\u00e9s V.","year":"1991","journal-title":"Delincuencia"},{"key":"ref22","series-title":"M\u00e9todos e t\u00e9cnicas de pesquisa social","author":"Gil A. C.","year":"1999"},{"key":"ref23","series-title":"Estigma: notas sobre a manipula\u00e7\u00e3o da identidade deteriorada.","author":"Goffman E.","year":"1988"},{"issue":"1","key":"ref24","first-page":"8","article-title":"Psicologia cl\u00ednica: estado actual e perspectivas de futuro.","volume":"9","author":"Gon\u00e7alves O. F","year":"1990","journal-title":"Jornal de Psicologia","ISSN":"http:\/\/id.crossref.org\/issn\/0870-4783","issn-type":"print"},{"issue":"3","key":"ref25","first-page":"3","article-title":"Psicoterapia e cura.","volume":"5","author":"Gon\u00e7alves R. A.","year":"1986","journal-title":"Jornal de Psicologia","ISSN":"http:\/\/id.crossref.org\/issn\/0870-4783","issn-type":"print"},{"key":"ref26","series-title":"Delinqu\u00eancia, crime e adapta\u00e7\u00e3o \u00e0 pris\u00e3o","author":"Gon\u00e7alves R. A.","year":"2000"},{"key":"ref27","first-page":"173","article-title":"Sobrepovoamento, stress e estrat\u00e9gias de confronto em meio prisional.","volume":"5","author":"Gon\u00e7alves R. A.","year":"1995","journal-title":"Revista Portuguesa de Ci\u00eancia Criminal"},{"key":"ref28","series-title":"Environmental psychology","author":"Holahan C. J.","year":"1982"},{"key":"ref29","first-page":"105","article-title":"Desenvolvimento e dial\u00e9ctica de significa\u00e7\u00f5es de doen\u00e7a e confronto em psicologia da sa\u00fade.","volume":"6","author":"Joyce-Moniz L.","year":"1991","journal-title":"Psychologica"},{"key":"ref30","series-title":"T\u00e9cnicas de pesquisa","author":"Lakatos E. M.","year":"1996"},{"key":"ref31","series-title":"Entrevista cl\u00ednica e psicoterapia de apoio","author":"Leal I. P.","year":"1999"},{"key":"ref32","series-title":"A entrevista psicol\u00f3gica: t\u00e9cnica, teoria e cl\u00ednica","author":"Leal I.","year":"2008"},{"key":"ref33","series-title":"Cl\u00ednica psicopedag\u00f3gica: perspectiva antropol\u00f3gica fenomol\u00f3gica e existencial","author":"Lopes G.","year":"1993"},{"key":"ref34","series-title":"Introdu\u00e7\u00e3o ao direito e ao discurso legitimador","author":"Machado B.","year":"1985"},{"key":"ref35","series-title":"Da loucura \u00e0 doen\u00e7a mental: Da doen\u00e7a mental \u00e0 inimputabilidade. Avalia\u00e7\u00e3o de doentes esquizofr\u00e9nicos internados numa cl\u00ednica de psiquiatria em meio prisional.","author":"Marques E. T.","year":"2007"},{"key":"ref36","first-page":"55","article-title":"Tratamento em meio prisional: desafios e problemas na pr\u00e1tica cl\u00ednica do psic\u00f3logo - internamento de inimput\u00e1veis \/ interven\u00e7\u00e3o em toxicodependentes","volume":"2","author":"Marques E. T.","year":"2008","journal-title":"Psiquiatria, Psicologia & Justi\u00e7a"},{"key":"ref37","series-title":"Experi\u00eancias e interven\u00e7\u00f5es em psicologia da sa\u00fade","first-page":"pp. 1089","volume-title":"O detido: sujeito bio-psico-social","author":"Marques E. T.","year":"2009"},{"key":"ref38","series-title":"O consentimento informado na avalia\u00e7\u00e3o psicol\u00f3gica em sa\u00fade, na investiga\u00e7\u00e3o em (in)imput\u00e1veis privados juridicamente de liberdade (submetido).","author":"Marques E. T.","year":"2011"},{"key":"ref39","series-title":"Loucos s\u00e3o os outros","author":"Milheiro J.","year":"2000"},{"key":"ref40","series-title":"Disorders of personality DSM-III: Axis II.","author":"Millon T.","year":"1981"},{"key":"ref41","series-title":"Disorders of personality: DSM-IV and beyond.","author":"Millon T.","year":"1996"},{"key":"ref42","series-title":"Contemporary directions in psychopathology: Toward the DSM-IV.","author":"Millon T.","year":"1986"},{"key":"ref43","series-title":"Plano de ac\u00e7\u00e3o para a sa\u00fade 2004","year":"2004"},{"key":"ref44","series-title":"As Constitui\u00e7\u00f5es portuguesas - de 1822 ao texto actual da Constitui\u00e7\u00e3o","author":"Miranda J.","year":"2004"},{"key":"ref45","series-title":"Perigosidade de inimput\u00e1veis e \u00abIn Dubio Pro Reo\u00bb.","author":"Monteiro C. L.","year":"1997"},{"issue":"4","key":"ref46","doi-asserted-by":"crossref","first-page":"49","DOI":"10.24119\/16760867ed02198","article-title":"O biodireito como novo ramo do direito","volume":"2","author":"Mota S.","year":"2003","journal-title":"Dissertar"},{"key":"ref47","series-title":"Jovens portugueses em Fran\u00e7a: Aspectos da sua adapta\u00e7\u00e3o psico-social","author":"Neto F.","year":"1985"},{"key":"ref48","series-title":"Relat\u00f3rio Mundial da Sa\u00fade. Sa\u00fade mental: nova concep\u00e7\u00e3o, nova esperan\u00e7a","year":"2002"},{"key":"ref49","series-title":"Investiga\u00e7\u00e3o e avalia\u00e7\u00e3o em psicologia e sa\u00fade.","author":"Pais-Ribeiro J. L.","year":"1999"},{"key":"ref50","series-title":"Metodologia de investiga\u00e7\u00e3o em psicologia e sa\u00fade","author":"Pais-Ribeiro J. L.","year":"2007"},{"key":"ref51","first-page":"109","article-title":"El clima social y educativo de las priosiones espa\u00f1olas.","volume":"2","author":"Polanco-Gonzalez L.","year":"1992","journal-title":"Anuario de Psicologia Juridica"},{"key":"ref52","series-title":"C\u00f3digos penal e processo penal e legisla\u00e7\u00e3o avulsa","author":"Rocha I.","year":"2008"},{"key":"ref53","series-title":"O ser e o nada","author":"Sartre J. P.","year":"1999"},{"issue":"1","key":"ref54","doi-asserted-by":"crossref","first-page":"171","DOI":"10.1111\/1468-0017.00072","article-title":"Evolutionary theory meets cognitive psychology: A more selective perspective","volume":"13","author":"Shapiro L.","year":"1998","journal-title":"Mind and Language"},{"key":"ref55","series-title":"Introdu\u00e7\u00e3o \u00e0 psicopatologia geral","author":"Scharfetter C.","year":"1997"},{"key":"ref56","series-title":"Manual de bio\u00e9tica -: I. Fundamentos e \u00e9tica biom\u00e9dica.","author":"Sgreccia E.","year":"1996"},{"key":"ref57","series-title":"Deviant behavior","author":"Thio A.","year":"1983"},{"key":"ref58","doi-asserted-by":"crossref","first-page":"355","DOI":"10.3406\/ds.1989.1160","article-title":"L'impact de l'environment sur l'agression en milleu carc\u00e9ral.","volume":"13","author":"Wener R.","year":"1989","journal-title":"D\u00e9viance et Soci\u00e9t\u00e9"},{"key":"ref59","series-title":"Young people's health: A challenge for society: report of a WHO study group on young people and \u201cHealth for all by the year 2000\u201d.","year":"1986"},{"key":"ref60","series-title":"Priority research for health for all.","year":"1988"}],"container-title":["Psicologia: Ci\u00eancia e Profiss\u00e3o"],"original-title":[],"link":[{"URL":"http:\/\/www.scielo.br\/pdf\/pcp\/v33n3\/v33n3a05.pdf","content-type":"unspecified","content-version":"vor","intended-application":"similarity-checking"}],"deposited":{"date-parts":[[2019,7,31]],"date-time":"2019-07-31T16:48:24Z","timestamp":1564591704000},"score":1,"resource":{"primary":{"URL":"http:\/\/www.scielo.br\/scielo.php?script=sci_arttext&pid=S1414-98932013000300005&lng=pt&tlng=pt"}},"subtitle":[],"short-title":[],"issued":{"date-parts":[[2013]]},"references-count":60,"journal-issue":{"issue":"3","published-print":{"date-parts":[[2013]]}},"alternative-id":["S1414-98932013000300005"],"URL":"https:\/\/doi.org\/10.1590\/s1414-98932013000300005","relation":{},"ISSN":["1414-9893"],"issn-type":[{"value":"1414-9893","type":"electronic"}],"subject":[],"published":{"date-parts":[[2013]]}}}