{"status":"ok","message-type":"work","message-version":"1.0.0","message":{"indexed":{"date-parts":[[2026,3,12]],"date-time":"2026-03-12T08:34:57Z","timestamp":1773304497772,"version":"3.50.1"},"reference-count":32,"publisher":"FapUNIFESP (SciELO)","license":[{"start":{"date-parts":[[2021,1,1]],"date-time":"2021-01-01T00:00:00Z","timestamp":1609459200000},"content-version":"vor","delay-in-days":0,"URL":"http:\/\/creativecommons.org\/licenses\/by\/4.0\/"},{"start":{"date-parts":[[2021,1,1]],"date-time":"2021-01-01T00:00:00Z","timestamp":1609459200000},"content-version":"am","delay-in-days":0,"URL":"http:\/\/creativecommons.org\/licenses\/by\/4.0\/"},{"start":{"date-parts":[[2021,1,1]],"date-time":"2021-01-01T00:00:00Z","timestamp":1609459200000},"content-version":"tdm","delay-in-days":0,"URL":"http:\/\/creativecommons.org\/licenses\/by\/4.0\/"}],"content-domain":{"domain":[],"crossmark-restriction":false},"short-container-title":["Rev. esc. enferm. USP"],"abstract":"<jats:p>ABSTRACT  Objective: To analyze the results of the use of narratives in group therapy for the qualification process of professionals in the Psychosocial Care Centers on the use of group dynamics.  Method: This is an action research involving 21 workers from 11 Psychosocial Care Centers in the Brazilian Central-West region. For data collection, narratives written by the participants about their work practices with therapeutic groups and theoretical discussion based on in-person workshops were used. Data were subjected to narrative analysis with the support of qualitative analysis software.  Results: The category \u201cConcerns and Questioning\u201d showed the workers\u2019 lack of knowledge regarding the concept of group and group dynamics, the group management challenges, and the discomfort with the frustrations experienced by the group. The category \u201cLearning for Group Coordination\u201d showed knowledge acquisition for group planning and functioning, and understanding of the role of the group coordinator for mental health care.  Conclusion: Narrating the scenes of group care allowed participants to exercise critical reflexive thinking, recognize the theory of group dynamics, and develop skills to coordinate groups.<\/jats:p>","DOI":"10.1590\/s1980-220x2020010403722","type":"journal-article","created":{"date-parts":[[2021,6,23]],"date-time":"2021-06-23T12:35:56Z","timestamp":1624451756000},"source":"Crossref","is-referenced-by-count":1,"title":["The use of narrative research for the learning of group dynamics by professionals from Psychosocial Care Centers"],"prefix":"10.1590","volume":"55","author":[{"ORCID":"https:\/\/orcid.org\/0000-0001-5036-648X","authenticated-orcid":false,"given":"Fernanda Costa","family":"Nunes","sequence":"first","affiliation":[{"name":"Universidade Federal de Goi\u00e1s,  Brazil"}]},{"ORCID":"https:\/\/orcid.org\/0000-0002-2024-7727","authenticated-orcid":false,"given":"Marciana Gon\u00e7alves","family":"Farinha","sequence":"additional","affiliation":[{"name":"Universidade Federal de Uberl\u00e2ndia,  Brazil"}]},{"ORCID":"https:\/\/orcid.org\/0000-0002-0861-9655","authenticated-orcid":false,"given":"Maria Alves","family":"Barbosa","sequence":"additional","affiliation":[{"name":"Universidade Federal de Goi\u00e1s,  Brazil"}]},{"ORCID":"https:\/\/orcid.org\/0000-0003-2479-408X","authenticated-orcid":false,"given":"Camila Cardoso","family":"Caixeta","sequence":"additional","affiliation":[{"name":"Universidade Federal de Goi\u00e1s,  Brazil"}]},{"ORCID":"https:\/\/orcid.org\/0000-0002-4644-5879","authenticated-orcid":false,"given":"Ant\u00f3nio Pedro","family":"Costa","sequence":"additional","affiliation":[{"name":"Universidade de Aveiro,  Portugal"}]},{"ORCID":"https:\/\/orcid.org\/0000-0001-6667-3951","authenticated-orcid":false,"given":"Nath\u00e1lia dos Santos","family":"Silva","sequence":"additional","affiliation":[{"name":"Universidade Federal de Goi\u00e1s,  Brazil"}]}],"member":"530","published-online":{"date-parts":[[2021]]},"reference":[{"key":"ref1","first-page":"2067","article-title":"Psychiatric reform in the SUS and the struggle for a society withou asylums","volume":"23","author":"Amarante P","year":"2018","journal-title":"Cien Saude Colet"},{"key":"ref2","first-page":"151","article-title":"Cartografias do trabalho e cuidado em sa\u00fade","volume":"6","author":"Franco TB","year":"2012","journal-title":"Rev Tempus Actas Sa\u00fade Cole"},{"key":"ref3","first-page":"9","article-title":"Social interventions a new era for global mental health?","volume":"19","author":"Burgess RA","year":"2019","journal-title":"Lancet Psychiatry"},{"key":"ref4","series-title":"Sa\u00fade mental no SUS: os Centros de Aten\u00e7\u00e3o Psicossocial [Internet]","year":"2004"},{"key":"ref5","series-title":"Ensaios: subjetividade, sa\u00fade mental, sociedade","first-page":"267","volume-title":"Oficinas para que? Uma proposta \u00e9tico-est\u00e9tico-pol\u00edtica para oficinas terap\u00eauticas","author":"Rauter C","year":"2000"},{"key":"ref6","first-page":"218","article-title":"Oficinas terap\u00eauticas em um Centro de Aten\u00e7\u00e3o Psicossocial-\u00e1lcool e drogas","volume":"38","author":"Souza LGS","year":"2012","journal-title":"Aletheia"},{"key":"ref7","first-page":"147","article-title":"Therapeutic workshops as expressions of subjectivity","volume":"12","author":"Farias ID","year":"2016","journal-title":"SMAD Rev Eletr Sa\u00fade Ment \u00c1lcool e Drog"},{"key":"ref8","doi-asserted-by":"crossref","first-page":"82","DOI":"10.23925\/1984-4840.2018v20i2a5","article-title":"Oficinas terap\u00eauticas caminhos de saberes","volume":"20","author":"Ferreira KF","year":"2018","journal-title":"Ver Fac Ci\u00eanc Med Sorocaba"},{"key":"ref9","doi-asserted-by":"crossref","DOI":"10.1590\/1980-265x-tce-2018-0161","article-title":"Group technology in psychosocial care a dialogue beteen action research and permanent health education","volume":"28","author":"Nunes FC","year":"2019","journal-title":"Texto Contexto Enferm"},{"key":"ref10","first-page":"65","article-title":"Group interventions and action research in health","volume":"2","author":"Nunes FC","year":"2020","journal-title":"Millenium"},{"issue":"1","key":"ref11","first-page":"141","article-title":"Working processes of professionals at Psychosocial Care Centers (CAPS) an integrative review","volume":"23","author":"Pinho ES","year":"2018","journal-title":"Ci\u00eanc Sa\u00fade Coletiva"},{"key":"ref12","article-title":"Psychosocial care network adequacy of roles and functions performed by professionals","volume":"39","author":"Santos RCA","year":"2018","journal-title":"Rev Ga\u00facha Enferm"},{"issue":"4","key":"ref13","first-page":"1065","article-title":"The narrative in qualitative research in health","volume":"19","author":"Castellanos MEP","year":"2014","journal-title":"Ci\u00eanc Sa\u00fade Coletiva"},{"key":"ref14","article-title":"The use of narratives and group device approach in education\/continuing education of health professionals a literature review","volume":"23","author":"Diniz DS","year":"2019","journal-title":"Interface - Comun Sa\u00fade, Educ"},{"key":"ref15","first-page":"1","article-title":"Using narratives to impact health policy-making a systematic review","volume":"17","author":"Fadlallah R","year":"2019","journal-title":"Public Health Health Serv"},{"key":"ref16","series-title":"Introdu\u00e7\u00e3o ao pensamento complexo","author":"Morin E","year":"2015"},{"key":"ref17","first-page":"41","article-title":"Da intelig\u00eancia parcial ao pensamento complexo desafios da ci\u00eancia e da sociedade contempor\u00e2nea","volume":"10","author":"Minayo MCS","year":"2011","journal-title":"Pol\u00edtica Soc"},{"key":"ref18","series-title":"Metodologia da pesquisa-a\u00e7\u00e3o","author":"Thiollent M","year":"2011"},{"key":"ref19","doi-asserted-by":"crossref","first-page":"14","DOI":"10.1177\/0844562116652230","article-title":"Narrative Inquiry experience matters","volume":"48","author":"Lindsay GM","year":"2016","journal-title":"Can J Nurs Res"},{"key":"ref20","series-title":"An\u00e1lise de conte\u00fado suportada por Software","author":"Costa AP","year":"2018"},{"key":"ref21","first-page":"150","article-title":"Um olhar para a din\u00e2mica do coordenador de grupos","volume":"8","author":"Mota KAMB","year":"2006","journal-title":"Rev Eletr Enferm"},{"key":"ref22","series-title":"Centros de Aten\u00e7\u00e3o Psicossocial e Unidades de Acolhimento como lugares da aten\u00e7\u00e3o psicossocial nos territ\u00f3rios: orienta\u00e7\u00f5es para elabora\u00e7\u00e3o de projetos de constru\u00e7\u00e3o, reforma e amplia\u00e7\u00e3o de CAPS e de UA [Internet]","year":"2015"},{"key":"ref23","doi-asserted-by":"crossref","first-page":"219","DOI":"10.1111\/jpm.12072","article-title":"Group therapy in public mental health services approaches, patients and group therapists","volume":"21","author":"Lorentzen S","year":"2014","journal-title":"J Psychiatr Ment Health Nurs"},{"key":"ref24","series-title":"A din\u00e2mica do trabalho de grupo","author":"Castilho A","year":"2002"},{"issue":"esp","key":"ref25","doi-asserted-by":"crossref","first-page":"65","DOI":"10.1590\/S0102-37722007000500013","article-title":"O conceito de resist\u00eancia na psicoterapia grupo-anal\u00edtica: repensando um caminho","volume":"23","author":"Ribeiro JP.","year":"2007","journal-title":"Psicol Teor Pesq"},{"key":"ref26","first-page":"826","article-title":"Psicoterapia de grupo teoria e pr\u00e1tica. Porto Alegre: Os\u00f3rio LC; 2006. 2 7. Bros I, Not\u00f3 P, Bulbena A. Effectiveness of short-term dynamic group psychotherapy in primary care for patients with depressive symptoms","volume":"24","author":"Yalom ID","year":"2017","journal-title":"Clin Psychol Psychother"},{"key":"ref27","doi-asserted-by":"crossref","first-page":"826","DOI":"10.1002\/cpp.2029","article-title":"Effectiveness of short-term dynamic group psychotherapy in primary care for patients with depressive symptoms","volume":"24","author":"Bros I","year":"2017","journal-title":"Clin Psychol Psychother"},{"key":"ref28","series-title":"Din\u00e2mica e g\u00eanese dos grupos","author":"Malhiot GB","year":"2013"},{"key":"ref29","series-title":"Modalidades de interven\u00e7\u00e3o cl\u00ednica em Gestalt terapia","author":"Fraz\u00e3o LM","year":"2016"},{"key":"ref30","series-title":"O que \u00e9 um autor?","author":"Foucault M","year":"1992"},{"key":"ref31","series-title":"Resolu\u00e7\u00e3o 597, de 13 de setembro de 2018. Aprovar o parecer t\u00e9cnico que disp\u00f5e sobre as recomenda\u00e7\u00f5es do Conselho Nacional de Sa\u00fade \u00e0 proposta de Diretrizes Curriculares Nacionais do curso de gradua\u00e7\u00e3o em Psicologia [Internet]","year":"2018"},{"key":"ref32","series-title":"As trilhas do trabalho de grupos","first-page":"15","volume-title":"O processo de aprendizagem no modelo de educa\u00e7\u00e3o de laborat\u00f3rio vivencial","author":"Mota KAMB","year":"2016"}],"container-title":["Revista da Escola de Enfermagem da USP"],"original-title":[],"link":[{"URL":"http:\/\/www.scielo.br\/pdf\/reeusp\/v55\/1980-220X-reeusp-55-e03772.pdf","content-type":"unspecified","content-version":"vor","intended-application":"similarity-checking"}],"deposited":{"date-parts":[[2021,6,23]],"date-time":"2021-06-23T12:36:24Z","timestamp":1624451784000},"score":1,"resource":{"primary":{"URL":"http:\/\/www.scielo.br\/scielo.php?script=sci_arttext&pid=S0080-62342021000100470&tlng=en"}},"subtitle":[],"short-title":[],"issued":{"date-parts":[[2021]]},"references-count":32,"alternative-id":["S0080-62342021000100470"],"URL":"https:\/\/doi.org\/10.1590\/s1980-220x2020010403722","relation":{},"ISSN":["1980-220X","0080-6234"],"issn-type":[{"value":"1980-220X","type":"electronic"},{"value":"0080-6234","type":"print"}],"subject":[],"published":{"date-parts":[[2021]]},"article-number":"e03772"}}