{"status":"ok","message-type":"work","message-version":"1.0.0","message":{"indexed":{"date-parts":[[2026,2,28]],"date-time":"2026-02-28T04:58:04Z","timestamp":1772254684493,"version":"3.50.1"},"reference-count":0,"publisher":"Editora Cubo","issue":"39","content-domain":{"domain":[],"crossmark-restriction":false},"short-container-title":["TEXTURA - ULBRA"],"abstract":"<jats:p>Neste artigo procuramos fazer uma breve hist\u00f3ria dos prim\u00f3rdios da rela\u00e7\u00e3o entre literatura para a inf\u00e2ncia e ambiente, em Portugal. As preocupa\u00e7\u00f5es ambientais ganharam \u00eanfase, a n\u00edvel mundial, nos anos 70 do s\u00e9culo XX e essas inquieta\u00e7\u00f5es refletiram-se tamb\u00e9m nas obras de literatura para a inf\u00e2ncia. \u00c9 nosso objetivo, neste texto, analisar o contexto social de produ\u00e7\u00e3o destas obras, compreender que obras s\u00e3o estas, conhecer quais as obras mais emblem\u00e1ticas do in\u00edcio desta rela\u00e7\u00e3o entre literatura para a inf\u00e2ncia e o ambiente. No artigo, destacaremos os autores Sid\u00f3nio Muralha e Ilse Losa.<\/jats:p>","DOI":"10.17648\/textura-2358-0801-19-39-2381","type":"journal-article","created":{"date-parts":[[2017,7,9]],"date-time":"2017-07-09T00:02:03Z","timestamp":1499558523000},"source":"Crossref","is-referenced-by-count":1,"title":["Os prim\u00f3rdios da rela\u00e7\u00e3o entre literatura para a inf\u00e2ncia e ambiente em Portugal"],"prefix":"10.4322","volume":"19","author":[{"given":"Angela","family":"Bal\u00e7a","sequence":"first","affiliation":[]},{"given":"Fernando","family":"Azevedo","sequence":"additional","affiliation":[]}],"member":"2869","published-online":{"date-parts":[[2017,1,10]]},"container-title":["TEXTURA - ULBRA"],"original-title":[],"link":[{"URL":"http:\/\/www.periodicos.ulbra.br\/index.php\/txra\/article\/viewFile\/2381\/2032","content-type":"application\/pdf","content-version":"vor","intended-application":"text-mining"},{"URL":"http:\/\/www.periodicos.ulbra.br\/index.php\/txra\/article\/viewFile\/2381\/2032","content-type":"unspecified","content-version":"vor","intended-application":"similarity-checking"}],"deposited":{"date-parts":[[2022,11,8]],"date-time":"2022-11-08T18:41:53Z","timestamp":1667932913000},"score":1,"resource":{"primary":{"URL":"http:\/\/www.periodicos.ulbra.br\/index.php\/txra\/article\/view\/2381"}},"subtitle":[],"short-title":[],"issued":{"date-parts":[[2017,1,10]]},"references-count":0,"journal-issue":{"issue":"39","published-online":{"date-parts":[[2017,1,10]]}},"URL":"https:\/\/doi.org\/10.17648\/textura-2358-0801-19-39-2381","relation":{},"ISSN":["2358-0801","1518-4919"],"issn-type":[{"value":"2358-0801","type":"electronic"},{"value":"1518-4919","type":"print"}],"subject":[],"published":{"date-parts":[[2017,1,10]]}}}