{"status":"ok","message-type":"work","message-version":"1.0.0","message":{"indexed":{"date-parts":[[2025,2,21]],"date-time":"2025-02-21T23:06:51Z","timestamp":1740179211883,"version":"3.37.3"},"reference-count":0,"publisher":"Editora Cubo","issue":"45","license":[{"start":{"date-parts":[[2019,1,10]],"date-time":"2019-01-10T00:00:00Z","timestamp":1547078400000},"content-version":"unspecified","delay-in-days":0,"URL":"https:\/\/creativecommons.org\/licenses\/by\/4.0"}],"content-domain":{"domain":[],"crossmark-restriction":false},"short-container-title":["TEXTURA - ULBRA"],"abstract":"<jats:p>Neste artigo procura-se dar conta de pr\u00e1ticas que fomentam a educa\u00e7\u00e3o liter\u00e1ria e que promovem a literatura em contextos que se configuram como contextos de leitura n\u00e3o formais. Estas pr\u00e1ticas foram levadas a cabo por estudantes universit\u00e1rios, da Licenciatura em Educa\u00e7\u00e3o B\u00e1sica e pretendiam contribuir para a sua forma\u00e7\u00e3o como futuros mediadores de leitura. Este artigo tem como objetivos dilucidar o conceito de educa\u00e7\u00e3o liter\u00e1ria bem como apresentar e descrever um conjunto de pr\u00e1ticas de promo\u00e7\u00e3o da literatura em distintos contextos de leitura n\u00e3o formais. No final do artigo, procura fazer-se um balan\u00e7o destas pr\u00e1ticas, do qual se destaca uma boa ades\u00e3o das institui\u00e7\u00f5es envolvidas, n\u00e3o sendo poss\u00edvel, todavia, pela natureza do trabalho desenvolvido, uma avalia\u00e7\u00e3o do impacto real das mesmas na consolida\u00e7\u00e3o de comunidades leitoras.<\/jats:p>","DOI":"10.17648\/textura-2358-0801-21-45-4791","type":"journal-article","created":{"date-parts":[[2019,2,2]],"date-time":"2019-02-02T16:52:36Z","timestamp":1549126356000},"source":"Crossref","is-referenced-by-count":0,"title":["Pr\u00e1ticas de educa\u00e7\u00e3o liter\u00e1ria e de promo\u00e7\u00e3o da literatura"],"prefix":"10.4322","volume":"21","author":[{"ORCID":"https:\/\/orcid.org\/0000-0002-7373-705X","authenticated-orcid":false,"given":"Fernando","family":"Azevedo","sequence":"first","affiliation":[]},{"ORCID":"https:\/\/orcid.org\/0000-0002-4159-7718","authenticated-orcid":false,"given":"\u00c2ngela","family":"Bal\u00e7a","sequence":"additional","affiliation":[]}],"member":"2869","published-online":{"date-parts":[[2019,1,10]]},"container-title":["TEXTURA - ULBRA"],"original-title":[],"link":[{"URL":"http:\/\/www.periodicos.ulbra.br\/index.php\/txra\/article\/viewFile\/4791\/3315","content-type":"application\/pdf","content-version":"vor","intended-application":"text-mining"},{"URL":"http:\/\/www.periodicos.ulbra.br\/index.php\/txra\/article\/viewFile\/4791\/3315","content-type":"unspecified","content-version":"vor","intended-application":"similarity-checking"}],"deposited":{"date-parts":[[2022,11,8]],"date-time":"2022-11-08T18:41:43Z","timestamp":1667932903000},"score":1,"resource":{"primary":{"URL":"http:\/\/www.periodicos.ulbra.br\/index.php\/txra\/article\/view\/4791"}},"subtitle":[],"short-title":[],"issued":{"date-parts":[[2019,1,10]]},"references-count":0,"journal-issue":{"issue":"45","published-online":{"date-parts":[[2019,1,10]]}},"URL":"https:\/\/doi.org\/10.17648\/textura-2358-0801-21-45-4791","relation":{},"ISSN":["2358-0801","1518-4919"],"issn-type":[{"type":"electronic","value":"2358-0801"},{"type":"print","value":"1518-4919"}],"subject":[],"published":{"date-parts":[[2019,1,10]]}}}