{"status":"ok","message-type":"work","message-version":"1.0.0","message":{"indexed":{"date-parts":[[2025,12,16]],"date-time":"2025-12-16T12:30:02Z","timestamp":1765888202088},"reference-count":0,"publisher":"Centro Universitario de Maringa","issue":"2","content-domain":{"domain":[],"crossmark-restriction":false},"short-container-title":["SaudPesq"],"abstract":"<jats:p>A obesidade \u00e9 considerada epidemia mundial e abrange complexidade, pois sua etiologia \u00e9 multifatorial. Fatores psicol\u00f3gicos devem ser levados em considera\u00e7\u00e3o para se pensar o seu tratamento. Assim, fica clara a necessidade de estudos que se proponham a contribuir para a caracteriza\u00e7\u00e3o da popula\u00e7\u00e3o com excesso de peso. Foram estudados 184 participantes adultos com sobrepeso e obesidade. Os instrumentos utilizados foram as Escalas Beck, a Escala de Compuls\u00e3o Alimentar Peri\u00f3dica e a Escala de Figura de Silhuetas. O n\u00edvel m\u00e9dio de depress\u00e3o, ansiedade e desesperan\u00e7a da amostra foi leve, leve e moderado, respectivamente. As mulheres apresentaram maiores n\u00edveis em quase todas as vari\u00e1veis. Tamb\u00e9m foram realizadas an\u00e1lises item a item das Escalas Beck. Os escores de depress\u00e3o, ansiedade e desesperan\u00e7a aparecem na literatura em menor propor\u00e7\u00e3o que neste trabalho, podendo ser devido ao fato de que a maior parte da amostra \u00e9 composta por pessoas com sobrepeso e obesidade grau I, e estudos anteriores mostram correla\u00e7\u00e3o positiva entre gravidade dos sintomas psicol\u00f3gicos e n\u00edveis de IMC. Pode-se considerar portanto que sintomas de cunho psicol\u00f3gico est\u00e3o presentes em indiv\u00edduos com excesso de peso. Assim, fica clara a import\u00e2ncia de considerar os fatores psicol\u00f3gicos na estrutura\u00e7\u00e3o de interven\u00e7\u00f5es para esta popula\u00e7\u00e3o.<\/jats:p>","DOI":"10.17765\/2176-9206.2019v12n2p295-307","type":"journal-article","created":{"date-parts":[[2019,8,27]],"date-time":"2019-08-27T16:39:06Z","timestamp":1566923946000},"page":"295","source":"Crossref","is-referenced-by-count":2,"title":["ASPECTOS PSICOL\u00d3GICOS EM INDIV\u00cdDUOS COM SOBREPESO E OBESIDADE"],"prefix":"10.17765","volume":"12","author":[{"given":"Isabela Lamante","family":"Scotton","sequence":"first","affiliation":[]},{"given":"Gabriela","family":"Affonso","sequence":"additional","affiliation":[]},{"given":"Rosane Pilot","family":"Pessa","sequence":"additional","affiliation":[]},{"given":"Eva Martins","family":"Concei\u00e7\u00e3o","sequence":"additional","affiliation":[]},{"given":"Carmem Beatriz","family":"Neufeld","sequence":"additional","affiliation":[]}],"member":"7170","published-online":{"date-parts":[[2019,8,23]]},"container-title":["Sa\u00fade e Pesquisa"],"original-title":[],"link":[{"URL":"http:\/\/periodicos.unicesumar.edu.br\/index.php\/saudpesq\/article\/viewFile\/6966\/3520","content-type":"application\/pdf","content-version":"vor","intended-application":"text-mining"},{"URL":"http:\/\/periodicos.unicesumar.edu.br\/index.php\/saudpesq\/article\/viewFile\/6966\/3520","content-type":"unspecified","content-version":"vor","intended-application":"similarity-checking"}],"deposited":{"date-parts":[[2019,8,27]],"date-time":"2019-08-27T16:39:06Z","timestamp":1566923946000},"score":1,"resource":{"primary":{"URL":"http:\/\/periodicos.unicesumar.edu.br\/index.php\/saudpesq\/article\/view\/6966"}},"subtitle":[],"short-title":[],"issued":{"date-parts":[[2019,8,23]]},"references-count":0,"journal-issue":{"issue":"2","published-online":{"date-parts":[[2019,8,23]]}},"URL":"https:\/\/doi.org\/10.17765\/2176-9206.2019v12n2p295-307","relation":{},"ISSN":["2176-9206","1983-1870"],"issn-type":[{"value":"2176-9206","type":"electronic"},{"value":"1983-1870","type":"print"}],"subject":[],"published":{"date-parts":[[2019,8,23]]}}}