{"status":"ok","message-type":"work","message-version":"1.0.0","message":{"indexed":{"date-parts":[[2025,5,27]],"date-time":"2025-05-27T04:12:30Z","timestamp":1748319150817,"version":"3.41.0"},"reference-count":0,"publisher":"Centro Universitario de Maringa","license":[{"start":{"date-parts":[[2025,4,13]],"date-time":"2025-04-13T00:00:00Z","timestamp":1744502400000},"content-version":"unspecified","delay-in-days":0,"URL":"https:\/\/creativecommons.org\/licenses\/by\/4.0"}],"content-domain":{"domain":[],"crossmark-restriction":false},"short-container-title":["SaudPesq"],"abstract":"<jats:p>Objetivo: Objetivou-se discutir as experi\u00eancias de discrimina\u00e7\u00e3o racial sofridas por estudantes universit\u00e1rios que recebem ou n\u00e3o algum tipo de aux\u00edlio e\/ou bolsa universit\u00e1ria. M\u00e9todo: Estudo explorat\u00f3rio, descritivo e transversal, com abordagem quantitativa, realizado de setembro a dezembro de 2023, com amostra de 751 estudantes universit\u00e1rios de institui\u00e7\u00f5es p\u00fablicas e privadas do estado do Cear\u00e1, Brasil. Utilizou-se como instrumento a Escala de Experi\u00eancias de Discrimina\u00e7\u00e3o. Resultados: Evidenciou-se que os estudantes beneficiados com bolsa universit\u00e1ria demonstraram mais preocupa\u00e7\u00e3o com a discrimina\u00e7\u00e3o racial com alta exposi\u00e7\u00e3o, quando comparados aos que n\u00e3o recebiam aux\u00edlio. Por\u00e9m, mesmo sofrendo com viv\u00eancias negativas oriundas da discrimina\u00e7\u00e3o racial, apenas 1,33% (n=10) dos estudantes prestou queixa contra o racismo sofrido. Conclus\u00e3o: A pol\u00edtica de apoio universit\u00e1rio retrata a inten\u00e7\u00e3o de beneficiar os estudantes com poucas condi\u00e7\u00f5es financeiras e, por conseguinte, atende aos estudantes que sofrem discrimina\u00e7\u00e3o racial.<\/jats:p>","DOI":"10.17765\/2176-9206.2025v18e12798","type":"journal-article","created":{"date-parts":[[2025,5,26]],"date-time":"2025-05-26T13:47:28Z","timestamp":1748267248000},"page":"e12798","source":"Crossref","is-referenced-by-count":0,"title":["Discrimina\u00e7\u00e3o racial e as experi\u00eancias de estudantes universit\u00e1rios","Racial discrimination and the experiences of college students"],"prefix":"10.17765","volume":"18","author":[{"ORCID":"https:\/\/orcid.org\/0000-0002-6408-7243","authenticated-orcid":false,"given":"Eliany Nazar\u00e9","family":"Oliveira","sequence":"first","affiliation":[]},{"ORCID":"https:\/\/orcid.org\/0000-0003-1018-0159","authenticated-orcid":false,"given":"Sabrina da Silva","family":"Fran\u00e7a","sequence":"additional","affiliation":[]},{"ORCID":"https:\/\/orcid.org\/0000-0001-8225-4757","authenticated-orcid":false,"given":"Fl\u00e1via Regino","family":"Oliveira","sequence":"additional","affiliation":[]},{"ORCID":"https:\/\/orcid.org\/0000-0001-7423-2515","authenticated-orcid":false,"given":"Caio San","family":"Rodrigues","sequence":"additional","affiliation":[]},{"ORCID":"https:\/\/orcid.org\/0000-0002-3941-8274","authenticated-orcid":false,"given":"Paulo Jorge de Almeida","family":"Pereira","sequence":"additional","affiliation":[]},{"ORCID":"https:\/\/orcid.org\/0009-0002-3580-081X","authenticated-orcid":false,"given":"T\u00e1gila Farias Arag\u00e3o","family":"Canuto","sequence":"additional","affiliation":[]}],"member":"7170","published-online":{"date-parts":[[2025,4,13]]},"container-title":["Sa\u00fade e Pesquisa"],"original-title":[],"link":[{"URL":"https:\/\/periodicos.unicesumar.edu.br\/index.php\/saudpesq\/article\/download\/12798\/8122","content-type":"application\/pdf","content-version":"vor","intended-application":"text-mining"},{"URL":"https:\/\/periodicos.unicesumar.edu.br\/index.php\/saudpesq\/article\/download\/12798\/8123","content-type":"application\/pdf","content-version":"vor","intended-application":"text-mining"},{"URL":"https:\/\/periodicos.unicesumar.edu.br\/index.php\/saudpesq\/article\/download\/12798\/8122","content-type":"unspecified","content-version":"vor","intended-application":"similarity-checking"}],"deposited":{"date-parts":[[2025,5,26]],"date-time":"2025-05-26T13:47:30Z","timestamp":1748267250000},"score":1,"resource":{"primary":{"URL":"https:\/\/periodicos.unicesumar.edu.br\/index.php\/saudpesq\/article\/view\/12798"}},"subtitle":["Racial discrimination and the experiences of college students","Discrimina\u00e7\u00e3o racial e as experi\u00eancias de estudantes universit\u00e1rios"],"short-title":[],"issued":{"date-parts":[[2025,4,13]]},"references-count":0,"URL":"https:\/\/doi.org\/10.17765\/2176-9206.2025v18e12798","relation":{},"ISSN":["2176-9206"],"issn-type":[{"value":"2176-9206","type":"electronic"}],"subject":[],"published":{"date-parts":[[2025,4,13]]}}}