{"status":"ok","message-type":"work","message-version":"1.0.0","message":{"indexed":{"date-parts":[[2023,4,5]],"date-time":"2023-04-05T04:22:22Z","timestamp":1680668542274},"reference-count":0,"publisher":"Anima Educa\u00e7\u00e3o","issue":"2","content-domain":{"domain":[],"crossmark-restriction":false},"short-container-title":["R. Memorare"],"abstract":"<jats:p>O projeto de investiga\u00e7\u00e3o \u201cProspe\u00e7\u00e3o Arqueol\u00f3gica - Interven\u00e7\u00e3o Arqueol\u00f3gicas nas Cavidades do Alto Nab\u00e3o (Leiria), centro de Portugal\u201d desenvolvido pelo Instituto Polit\u00e9cnico de Tomar e Universidade Aut\u00f3noma de Lisboa, com parceria da Associa\u00e7\u00e3o Grupo de Prote\u00e7\u00e3o Sic\u00f3 e apoiado pelo Museu Municipal de Alvai\u00e1zere, surge essencialmente para colmatar a falta de atualiza\u00e7\u00e3o das cavidades presentemente conhecidas. Esta necessidade torna-se mais premente quando se pretende compreender a ocupa\u00e7\u00e3o humana nas mesmas, quer como abrigo-habitacional ou de cariz simb\u00f3lico-cultual. Este trabalho de prospe\u00e7\u00e3o de cavidades, efetuado numa \u00e1rea onde a ocupa\u00e7\u00e3o hist\u00f3rica reflete a exist\u00eancia de in\u00fameros vest\u00edgios arqueol\u00f3gicos, nomeadamente os s\u00edtios de habitat ou at\u00e9 mesmo o megalitismo, assume grande relev\u00e2ncia no estudo arqueol\u00f3gico da regi\u00e3o do Alto Nab\u00e3o. Este artigo pretende apresentar os dados mais relevantes.<\/jats:p>","DOI":"10.19177\/memorare.v1e220141-26","type":"journal-article","created":{"date-parts":[[2017,9,21]],"date-time":"2017-09-21T18:37:47Z","timestamp":1506019067000},"page":"1","source":"Crossref","is-referenced-by-count":0,"title":["Resultados das Prospe\u00e7\u00f5es Arqueol\u00f3gicas nas Cavidades do Alto Nab\u00e3o (Leiria - Centro de Portugal)"],"prefix":"10.59306","volume":"1","author":[{"given":"Alexandra","family":"Figueiredo","sequence":"first","affiliation":[]},{"given":"Jos\u00e9","family":"Rol\u00e3o","sequence":"additional","affiliation":[]},{"given":"Rui","family":"Saraiva","sequence":"additional","affiliation":[]},{"given":"Cl\u00e1udio","family":"Monteiro","sequence":"additional","affiliation":[]},{"given":"Rodrigo","family":"Pinto","sequence":"additional","affiliation":[]}],"member":"38621","published-online":{"date-parts":[[2014,4,20]]},"container-title":["Revista Memorare"],"original-title":[],"link":[{"URL":"http:\/\/www.portaldeperiodicos.unisul.br\/index.php\/memorare_grupep\/article\/viewFile\/2381\/1692","content-type":"application\/pdf","content-version":"vor","intended-application":"text-mining"},{"URL":"http:\/\/www.portaldeperiodicos.unisul.br\/index.php\/memorare_grupep\/article\/viewFile\/2381\/1692","content-type":"unspecified","content-version":"vor","intended-application":"similarity-checking"}],"deposited":{"date-parts":[[2023,4,4]],"date-time":"2023-04-04T10:09:06Z","timestamp":1680602946000},"score":1,"resource":{"primary":{"URL":"https:\/\/portaldeperiodicos.animaeducacao.com.br\/index.php\/memorare_grupep\/article\/view\/2381"}},"subtitle":[],"short-title":[],"issued":{"date-parts":[[2014,4,20]]},"references-count":0,"journal-issue":{"issue":"2","published-online":{"date-parts":[[2014,9,8]]}},"URL":"https:\/\/doi.org\/10.19177\/memorare.v1e220141-26","relation":{},"ISSN":["2358-0593","2358-0593"],"issn-type":[{"value":"2358-0593","type":"electronic"},{"value":"2358-0593","type":"print"}],"subject":[],"published":{"date-parts":[[2014,4,20]]}}}