{"status":"ok","message-type":"work","message-version":"1.0.0","message":{"indexed":{"date-parts":[[2025,2,21]],"date-time":"2025-02-21T22:39:07Z","timestamp":1740177547588,"version":"3.37.3"},"reference-count":0,"publisher":"Anima Educa\u00e7\u00e3o","content-domain":{"domain":[],"crossmark-restriction":false},"short-container-title":["Poi\u00e9sis"],"abstract":"<jats:p>Este artigo aborda o problema da motiva\u00e7\u00e3o para a leitura, especialmente no caso dos rapazes com idades compreendidas entre os 10 e os 15 anos. Algumas investiga\u00e7\u00f5es evidenciam que os rapazes leem menos do que as raparigas porque eles n\u00e3o est\u00e3o intrinsecamente motivados e n\u00e3o lhes \u00e9 proporcionado o acesso ao tipo de livros que poder\u00e3o gostar. Apresentamos, aqui, parte de um Projeto Europeu, Boys Reading, como um bom exemplo da possibilidade de conquistar leitores relutantes para os livros. Na verdade, se os rapazes estiverem verdadeiramente motivados e contactarem com textos que apreciem, as suas atitudes mudam e podem tornar-se leitores. S\u00e3o apresentados dois estudos de caso desenvolvidos em duas escolas diferentes em Portugal, com algumas evid\u00eancias de que \u00e9 poss\u00edvel transformar leitores relutantes em leitores \u00e1vidos.<\/jats:p>","DOI":"10.19177\/prppge.v12e02018136-152","type":"journal-article","created":{"date-parts":[[2018,10,12]],"date-time":"2018-10-12T00:20:58Z","timestamp":1539303658000},"page":"136","source":"Crossref","is-referenced-by-count":0,"title":["BOYS READING: UM PROJETO SOBRE COMO MOTIVAR RAPAZES ADOLESCENTES PARA A LITERATURA"],"prefix":"10.59306","volume":"12","author":[{"ORCID":"https:\/\/orcid.org\/0000-0002-7853-1595","authenticated-orcid":false,"given":"Maria da Natividade Carvalho","family":"Pires","sequence":"first","affiliation":[]},{"given":"Maria Manuela","family":"Abrantes","sequence":"additional","affiliation":[]}],"member":"38621","published-online":{"date-parts":[[2018,10,10]]},"container-title":["Poi\u00e9sis - Revista do Programa de P\u00f3s-Gradua\u00e7\u00e3o em Educa\u00e7\u00e3o"],"original-title":[],"link":[{"URL":"http:\/\/www.portaldeperiodicos.unisul.br\/index.php\/Poiesis\/article\/viewFile\/6447\/4096","content-type":"application\/pdf","content-version":"vor","intended-application":"text-mining"},{"URL":"http:\/\/www.portaldeperiodicos.unisul.br\/index.php\/Poiesis\/article\/viewFile\/6447\/4096","content-type":"unspecified","content-version":"vor","intended-application":"similarity-checking"}],"deposited":{"date-parts":[[2023,4,4]],"date-time":"2023-04-04T10:12:08Z","timestamp":1680603128000},"score":1,"resource":{"primary":{"URL":"https:\/\/portaldeperiodicos.animaeducacao.com.br\/index.php\/Poiesis\/article\/view\/6447"}},"subtitle":[],"short-title":[],"issued":{"date-parts":[[2018,10,10]]},"references-count":0,"URL":"https:\/\/doi.org\/10.19177\/prppge.v12e02018136-152","relation":{},"ISSN":["2179-2534"],"issn-type":[{"type":"electronic","value":"2179-2534"}],"subject":[],"published":{"date-parts":[[2018,10,10]]}}}