{"status":"ok","message-type":"work","message-version":"1.0.0","message":{"indexed":{"date-parts":[[2025,5,14]],"date-time":"2025-05-14T05:59:00Z","timestamp":1747202340009,"version":"3.40.5"},"reference-count":40,"publisher":"Essentia Editora","issue":"1","license":[{"start":{"date-parts":[[2021,4,30]],"date-time":"2021-04-30T00:00:00Z","timestamp":1619740800000},"content-version":"vor","delay-in-days":0,"URL":"http:\/\/creativecommons.org\/licenses\/by\/4.0"}],"content-domain":{"domain":[],"crossmark-restriction":false},"short-container-title":["Revista V\u00e9rtices"],"abstract":"<jats:p>Social hazards, understood as one of the fields of study of Anthropic hazards, contains a variety and complexity of phenomena that encompass work, family life, social relations, among others. Anthropic cindinic sciences are faced with new challenges generated by everyday life, demanding territorial analysis in a multi-scale perspective. Furthermore, it is necessary to bear in mind the dynamics of the communities, concerning their way of living, interpreting, and acting, aspects that may lead to the development of social tensions and frictions. This paper aims to discuss social risks from a multi-territorial view, starting with the issue of social frictions related to graffiti and based on the case study of the University of Coimbra as heritage classified by UNESCO \u2013 World Heritage Areas. The number of tourists and visitors has increased impressively, having transformed the dynamics of the city and of the protected area, namely through the rehabilitation and preservation of buildings. Despite this, the University and the upper part of town have been the target of intense graffiti, raising epistemological, civic and institutional issues.\r\n\u00a0\r\n\u00a0\r\n\u00a0\r\n\u00a0<\/jats:p>","DOI":"10.19180\/1809-2667.v23n12021p45-68","type":"journal-article","created":{"date-parts":[[2021,4,30]],"date-time":"2021-04-30T22:26:26Z","timestamp":1619821586000},"page":"45-68","source":"Crossref","is-referenced-by-count":0,"title":["A apropria\u00e7\u00e3o dos territ\u00f3rios quotidianos pelos grafitos. Do risco social \u00e0 multiterritorialidade","Appropriation of daily territories by graffiti. From social hazard to multi-territoriality","La apropiaci\u00f3n de los territorios cuotidianos por los grafitos. Del riesgo social a la multi-territorialidad"],"prefix":"10.19180","volume":"23","author":[{"ORCID":"https:\/\/orcid.org\/0000-0003-3927-0748","authenticated-orcid":false,"given":"F\u00e1tima Velez de","family":"Castro","sequence":"first","affiliation":[]}],"member":"8243","published-online":{"date-parts":[[2021,4,30]]},"reference":[{"key":"16016","doi-asserted-by":"crossref","unstructured":"ANDERSEN, J. Understand Cultural Geography: Places and Traces. Nova Iorque: Routledge, 2009.","DOI":"10.4324\/9780203872376"},{"key":"16017","unstructured":"ANDR\u00c9, J. M. Multiculturalidade, identidades e mesti\u00e7agem: O di\u00e1logo intercultural nas ideias, na pol\u00edtica, nas artes e na religi\u00e3o. Coimbra: Palimage, 2012."},{"key":"16018","unstructured":"BECK, U. Sociedade de risco mundial: Em busca da seguran\u00e7a perdida. Lisboa: Edi\u00e7\u00f5es 70, 2015."},{"key":"16019","doi-asserted-by":"crossref","unstructured":"CAETANO, F. D. Reflex\u00f5es te\u00f3ricas sobre a inser\u00e7\u00e3o do grafitti e da picha\u00e7\u00e3o na paisagem urbana: uma arte contra-racional? GEOgraficidade, Rio de Janeiro, n. 7-1, p. 77-88, 2017.","DOI":"10.22409\/geograficidade2017.71.a12972"},{"key":"16020","doi-asserted-by":"crossref","unstructured":"CAMPOS, R. Liberta o her\u00f3i que h\u00e1 em ti. Risco, m\u00e9rito e transcend\u00eancia no universo graffiti. Tempo Social, Revista de sociologia da USP, S\u00e3o Paulo, v. 25, n. 2, pp.205-225, 2013.","DOI":"10.1590\/S0103-20702013000200011"},{"key":"16021","doi-asserted-by":"crossref","unstructured":"CASTRO, A. C. C.; GAMBA JUNIOR, N. G. Grafite e resignifica\u00e7\u00e3o: a linha t\u00eanue entre o vandalismo e a arte de rua. Proj\u00e9tica, Londrina, v. 9, n. 2 supl., p. 299-318, 2018.","DOI":"10.5433\/2236-2207.2018v9n2Suplp299"},{"key":"16022","unstructured":"CLIFFORD, N. J. et al. Key Concepts in Geography. Londres: Sage, 2009."},{"key":"16023","unstructured":"FERNANDES, J. A. R.; TRIGAL, L. L.; SPOSITO, E. S. Geografia Aplicada: Terminologia da an\u00e1lise, do planeamento e da gest\u00e3o do territ\u00f3rio. Porto: Porto Editora, 2016."},{"key":"16024","doi-asserted-by":"crossref","unstructured":"FORT, M. C.; GOHL, F. C. Conflitos urbanos: grafite e picha\u00e7\u00e3o em confronto devido \u00e0 legisla\u00e7\u00e3o repressiva. Logos 45, Rio de Janeiro, v. 23, n. 2, p. 16-36, 2016.","DOI":"10.12957\/logos.2016.17412"},{"key":"16025","unstructured":"FREIXO, M. J. Metodologia Cient\u00edfica: Fundamentos, M\u00e9todos e T\u00e9cnicas. Lisboa: Instituto Piaget, 2009. (Cole\u00e7\u00e3o Epistemologia e Sociedade)."},{"key":"16026","unstructured":"HAESBAERT, R. O Mito da Desterritorializa\u00e7\u00e3o: Do \u201cfim dos territ\u00f3rios\u201d \u00e0 multiterritorialidade. Rio de Janeiro: Bertrand Brasil, 2004."},{"key":"16027","unstructured":"KERVERN, G. Y. Elementos fundamentais das ci\u00eancias cind\u00ednicas: Compreender e prever os acidentes, perigos e cat\u00e1strofes. Lisboa: Instituto Piaget, 1995. (Cole\u00e7\u00e3o Epistemologia e Sociedade)."},{"key":"16028","unstructured":"LESSARD-H\u00c9BERT, M.; GOYETTE, G.; BOUTIN, G. Investiga\u00e7\u00e3o Qualitativa: Fundamentos e Pr\u00e1ticas. Lisboa: Instituto Piaget, 2005. (Cole\u00e7\u00e3o Epistemologia e Sociedade)."},{"key":"16029","unstructured":"LOUREN\u00c7O, L. Risco, perigo e crise: pragmatismo e contextualiza\u00e7\u00e3o. In: SIQUEIRA, A. et al. (org.), Riscos de desastres relacionados \u00e0 \u00e1gua. S\u00e3o Paulo: RIMA, 2015. p. 2-43."},{"key":"16030","doi-asserted-by":"crossref","unstructured":"LOUREN\u00c7O, L.; AMARO, A. (coord.). Riscos e Crises: Da teoria \u00e0 plena manifesta\u00e7\u00e3o. Coimbra: Imprensa da Universidade de Coimbra, 2019.","DOI":"10.14195\/978-989-26-1697-1"},{"key":"16031","doi-asserted-by":"crossref","unstructured":"LOUREN\u00c7O, L.; VELEZ DE CASTRO, F. (coord.) Cat\u00e1strofes Antr\u00f3picas: Uma aproxima\u00e7\u00e3o integral. Coimbra: Imprensa da Universidade de Coimbra, 2019.","DOI":"10.14195\/978-989-26-1867-8"},{"key":"16032","unstructured":"MARCO DE SENDAI. Marco de Sendai para a Redu\u00e7\u00e3o do Risco de Desastres 2015-2030. Jap\u00e3o: Na\u00e7\u00f5es Unidas, 2015."},{"key":"16033","unstructured":"MARTINS, N. et al. Quest\u00f5es de risco e vulnerabilidade do patrim\u00f3nio constru\u00eddo: o caso da Baixa Pombalina. In: LOUREN\u00c7O, L. Geografia, Paisagem e Riscos: Livro de Homenagem ao Professor Doutor Ant\u00f3nio Pedrosa. Coimbra: Imprensa da Universidade de Coimbra, 2016. p. 304-335."},{"key":"16034","doi-asserted-by":"crossref","unstructured":"MENDES, J. M. Sociologia do Risco: Uma breve introdu\u00e7\u00e3o e algumas li\u00e7\u00f5es. Coimbra: Imprensa da Universidade de Coimbra, 2015.","DOI":"10.14195\/978-989-26-1066-5"},{"key":"16035","unstructured":"MITCHELL, D. Cultural Geography: An introduction. EUA: Blackwell Publishing, 2007."},{"key":"16036","unstructured":"MOREIRA, C.; SANTOS, N.; SILVEIRA, L. A. O Turismo na Cidade de Coimbra ap\u00f3s a inscri\u00e7\u00e3o do bem Universidade de Coimbra-Alta e Sofia na lista do patrim\u00f3nio mundial da UNESCO. In: CONFER\u00caNCIA INTERNACIONAL DE TURISMO E HIST\u00d3RIA, 3., 2019. Anais [\u2026] 2019. Dispon\u00edvel em: https:\/\/www.researchgate.net\/publication\/339181042_O_TURISMO_NA_CIDADE_DE_COIMBRA_APOS_A_INSCRICAO_DO_BEM_UNIVERSIDADE_DE_COIMBRA_-_ALTA_E_SOFIA_NA_LISTA_DO_PATRIMONIO_MUNDIAL_DA_HUMANIDADE_UNESCO. Acesso em: 7 set. 2020."},{"key":"16037","unstructured":"MOREIRA, T. A expressividade na est\u00e9tica do graffiti. In: GRUPO DE ESTUDOS DOS G\u00caNEROS DO DISCURSO GEGe\/UFSCar. (org.). Caderno de Textos e Anota\u00e7\u00f5es. S\u00e3o Carlos: Pedro & Jo\u00e3o Editores, 2010. p. 321-322."},{"key":"16038","unstructured":"MOREIRA, T. As novas reelabora\u00e7\u00f5es da arte de grafitar. Cescontexto, Coimbra, v. 15, p. 62-69, 2016."},{"key":"16039","doi-asserted-by":"crossref","unstructured":"MONDARDO, M. L.; GOETTERT, J. D. Territ\u00f3rios simb\u00f3licos e de resist\u00eancia na cidade: grafias da picha\u00e7\u00e3o e do grafiti. Terr@Plural, Ponta Grossa, v. 2, n. 2, p. 293-308, 2008.","DOI":"10.5212\/TerraPlural.v.2i2.293308"},{"key":"16040","doi-asserted-by":"crossref","unstructured":"OLIVEIRA, D. A.; TARTAGLIA, L. Ensaio sobre uma geo-grafia dos graffitis. GEOgraphia, Niter\u00f3i, v.11, n. 2, p. 59-88, 2009.","DOI":"10.22409\/GEOgraphia2009.v11i22.a13582"},{"key":"16041","unstructured":"PORDATA. Pordata-Base de dados de Portugal contempor\u00e2neo. 2020. Dispon\u00edvel em: https:\/\/www.pordata.pt\/. Acesso em: 10 nov. 2020."},{"key":"16042","unstructured":"QUIVY, R.; CAMPENHOUDT, L. V. Manual de Investiga\u00e7\u00e3o em Ci\u00eancias Sociais. 5. ed. Lisboa: Gradiva, 2008. (Cole\u00e7\u00e3o Trajectos)."},{"key":"16043","unstructured":"REGINENSI, C. A cidade como cen\u00e1rio de oportunidades: Etnografia das margens. Curitiba: Appris Editora, 2019."},{"key":"16044","unstructured":"ROCHA, M. Marketing e Comunica\u00e7\u00e3o numa atra\u00e7\u00e3o de turismo cultural: Um plano de Marketing para o Turismo da Universidade de Coimbra. 2019. Relat\u00f3rio (Est\u00e1gio em Marketing e Comunica\u00e7\u00e3o) - Instituto Polit\u00e9cnico de Coimbra, 2019. Dispon\u00edvel em: https:\/\/comum.rcaap.pt\/bitstream\/10400.26\/31371\/1\/Relat%C3%B3rio%20de%20Est%C3%A1gio_Miriam%20Rocha.pdf. Acesso em: 7 set. 2020."},{"key":"16045","unstructured":"ROSE, G. Visual Methodologies: An introduction to researching with visual materials. 3. ed. Londres: Sage, 2012."},{"key":"16046","doi-asserted-by":"crossref","unstructured":"SHISHITO, A. A. A nova geografia cultural de Cosgrove e o grafite como proposta de entendimento da paisagem. Revista Geografia e Pesquisa, Ourinhos\/SP, v. 11, n. 2, p. 16-24, 2017.","DOI":"10.22491\/1806-8553.v11n2a002"},{"key":"16047","doi-asserted-by":"crossref","unstructured":"SHURMER-SMITH, P. Doing Cultural Geography. Londres: Sage, 2002.","DOI":"10.4135\/9781446219706"},{"key":"16048","doi-asserted-by":"crossref","unstructured":"SILVA, E. S.; MELO, J. A. Ensino de geografia, viol\u00eancia urbana e sua rela\u00e7\u00e3o com a picha\u00e7\u00e3o e a grafitagem no espa\u00e7o escolar. Geosaberes, Fortaleza, v. 9, n. 19, pp.1-11, 2018.","DOI":"10.26895\/geosaberes.v9i19.665"},{"key":"16049","unstructured":"SOLOVOVA, O.; MATOS, A.R.; NOLASCO, C. E se as paredes falassem? An\u00e1lise discursiva de inscri\u00e7\u00f5es no espa\u00e7o p\u00fablico urbano de Coimbra. Cescontexto, Coimbra, v. 15, p. 43-61, 2016."},{"key":"16050","unstructured":"STAKE, R. E. A arte da investiga\u00e7\u00e3o com estudos de caso. 4. ed. Lisboa: Funda\u00e7\u00e3o Calouste Gulbenkian, 2016."},{"key":"16051","unstructured":"STURKEN, M.; CARTWRIGHT, L. Practises of looking: An introduction to visual culture. Reino Unido: Oxford University Press, 2002."},{"key":"16052","unstructured":"TARTAGLIA, L. O vis\u00edvel e o invis\u00edvel: paisagem urbana e arte p\u00fablica. \u00c9lis\u00e9e, Revista de Geografia da UEG, Porangatu, v. 4, n. 1, pp.126-139, 2015."},{"key":"16053","unstructured":"UNIVERSIDADE DE COIMBRA. UC em n\u00fameros. 2020. Dispon\u00edvel em: https:\/\/www.uc.pt\/dados\/numeros Acesso em: 10 nov. 2020."},{"key":"16054","unstructured":"VELEZ DE CASTRO, F.; FERNANDES, J. L. Territ\u00f3rios quotidianos, riscos sociais e vulnerabilidade da popula\u00e7\u00e3o \u2013 an\u00e1lise preliminar do conceito de urbic\u00eddio. In: LOUREN\u00c7O, L; VELEZ DE CASTRO, F. Cat\u00e1strofes Antr\u00f3picas: Uma aproxima\u00e7\u00e3o integral. Coimbra: Imprensa da Universidade de Coimbra, 2019. pp.411-431."},{"key":"16055","unstructured":"VELEZ DE CASTRO, F.; NOSSA, P. Riscos Sociais: percursos de inclus\u00e3o entre Loures e Oeiras: Livro-Guia da Visita T\u00e9cnica n\u00ba 1, V Congresso Internacional de Riscos. Coimbra, Portugal: RISCOS, Associa\u00e7\u00e3o Portuguesa de Riscos, Prote\u00e7\u00e3o e Seguran\u00e7a, 2020. Dispon\u00edvel em: https:\/\/www.riscos.pt\/wp-content\/uploads\/2018\/Outras_Pub\/guias\/eBook_LG_Riscos-Sociais_PT.pdf. Acesso em: 2020."}],"container-title":["Revista V\u00e9rtices"],"original-title":[],"link":[{"URL":"https:\/\/editoraessentia.iff.edu.br\/index.php\/vertices\/article\/download\/15874\/13570","content-type":"application\/pdf","content-version":"vor","intended-application":"text-mining"},{"URL":"https:\/\/editoraessentia.iff.edu.br\/index.php\/vertices\/article\/download\/15874\/14156","content-type":"application\/zip","content-version":"vor","intended-application":"text-mining"},{"URL":"https:\/\/editoraessentia.iff.edu.br\/index.php\/vertices\/article\/download\/15874\/14157","content-type":"text\/html","content-version":"vor","intended-application":"text-mining"},{"URL":"https:\/\/editoraessentia.iff.edu.br\/index.php\/vertices\/article\/download\/15874\/13570","content-type":"unspecified","content-version":"vor","intended-application":"similarity-checking"}],"deposited":{"date-parts":[[2024,5,17]],"date-time":"2024-05-17T19:07:02Z","timestamp":1715972822000},"score":1,"resource":{"primary":{"URL":"https:\/\/editoraessentia.iff.edu.br\/index.php\/vertices\/article\/view\/15874"}},"subtitle":[],"short-title":[],"issued":{"date-parts":[[2021,4,30]]},"references-count":40,"journal-issue":{"issue":"1","published-online":{"date-parts":[[2021,4,30]]}},"URL":"https:\/\/doi.org\/10.19180\/1809-2667.v23n12021p45-68","relation":{},"ISSN":["1809-2667","1415-2843"],"issn-type":[{"type":"electronic","value":"1809-2667"},{"type":"print","value":"1415-2843"}],"subject":[],"published":{"date-parts":[[2021,4,30]]}}}