{"status":"ok","message-type":"work","message-version":"1.0.0","message":{"indexed":{"date-parts":[[2025,5,14]],"date-time":"2025-05-14T07:15:26Z","timestamp":1747206926943,"version":"3.40.5"},"reference-count":0,"publisher":"Fronteiras: Journal of Social, Technological and Environmental Science","issue":"3","license":[{"start":{"date-parts":[[2020,12,29]],"date-time":"2020-12-29T00:00:00Z","timestamp":1609200000000},"content-version":"unspecified","delay-in-days":0,"URL":"http:\/\/creativecommons.org\/licenses\/by-nc\/4.0"}],"content-domain":{"domain":[],"crossmark-restriction":false},"short-container-title":["Fronteiras"],"abstract":"<jats:p>A Educa\u00e7\u00e3o para a cidadania constitui, atualmente, uma das prioridades educativas, no que concerne \u00e0s diretrizes curriculares vigentes no percurso escolar. Uma das tem\u00e1ticas privilegiadas versa sobre a identidade de g\u00e9nero, principalmente quanto aos pap\u00e9is exercidos por homens e mulheres no seio familiar, enquanto forma de reflex\u00e3o sobre estere\u00f3tipos e preven\u00e7\u00e3o da viol\u00eancia dom\u00e9stica. Considerando diretrizes nacionais e internacionais, que valorizam a centralidade da Educa\u00e7\u00e3o na forma\u00e7\u00e3o de crian\u00e7as e jovens, o objetivo deste estudo consiste em analisar as perce\u00e7\u00f5es de jovens estudantes sobre os pap\u00e9is do homem e da mulher no quotidiano da fam\u00edlia, a partir de marcas de g\u00e9nero nas rela\u00e7\u00f5es sociais. Tendo por base uma metodologia qualitativa, a recolha dos dados incidiu na an\u00e1lise dos coment\u00e1rios escritos por estudantes dos \u00faltimos anos do ensino secund\u00e1rio de uma escola do Porto. O estudo efetuado permitiu concluir que os estudantes t\u00eam consci\u00eancia das mudan\u00e7as ocorridas nos pap\u00e9is do homem e da mulher, acompanhando a evolu\u00e7\u00e3o do conceito de fam\u00edlia e a emerg\u00eancia de novos modelos sociais, personificados por celebridades que conjugam responsabilidades familiares e profissionais. Contudo, ainda persistem estere\u00f3tipos de g\u00e9nero, que continuam a condicionar as rela\u00e7\u00f5es interpessoais na fam\u00edlia, o que comprova a import\u00e2ncia da reflex\u00e3o e consciencializa\u00e7\u00e3o dos estudantes sobre esta tem\u00e1tica, a refor\u00e7ar em contexto escolar.<\/jats:p>","DOI":"10.21664\/2238-8869.2020v9i3.p341-354","type":"journal-article","created":{"date-parts":[[2020,12,30]],"date-time":"2020-12-30T03:12:21Z","timestamp":1609297941000},"page":"341-354","source":"Crossref","is-referenced-by-count":0,"title":["A Marca (In)Vis\u00edvel do G\u00e9nero na Fam\u00edlia: Perce\u00e7\u00f5es de Jovens Estudantes"],"prefix":"10.21664","volume":"9","author":[{"ORCID":"https:\/\/orcid.org\/0000-0002-0290-747X","authenticated-orcid":false,"given":"Alcina de Oliveira","family":"Martins","sequence":"first","affiliation":[]},{"ORCID":"https:\/\/orcid.org\/0000-0001-6591-3124","authenticated-orcid":false,"given":"Maria Nazar\u00e9","family":"Coimbra","sequence":"first","affiliation":[]},{"ORCID":"https:\/\/orcid.org\/0000-0003-1339-5745","authenticated-orcid":false,"given":"Susana Oliveira","family":"Sa","sequence":"first","affiliation":[]},{"ORCID":"https:\/\/orcid.org\/0000-0001-9839-2193","authenticated-orcid":false,"given":"Jos\u00e9 Ant\u00f3nio","family":"Oliveira","sequence":"first","affiliation":[]}],"member":"9121","published-online":{"date-parts":[[2020,12,29]]},"container-title":["Fronteiras: Journal of Social, Technological and Environmental Science"],"original-title":[],"link":[{"URL":"http:\/\/periodicos.unievangelica.edu.br\/index.php\/fronteiras\/article\/download\/4005\/3577","content-type":"application\/pdf","content-version":"vor","intended-application":"text-mining"},{"URL":"http:\/\/periodicos.unievangelica.edu.br\/index.php\/fronteiras\/article\/download\/4005\/3577","content-type":"unspecified","content-version":"vor","intended-application":"similarity-checking"}],"deposited":{"date-parts":[[2020,12,30]],"date-time":"2020-12-30T03:12:34Z","timestamp":1609297954000},"score":1,"resource":{"primary":{"URL":"http:\/\/periodicos.unievangelica.edu.br\/index.php\/fronteiras\/article\/view\/4005"}},"subtitle":[],"short-title":[],"issued":{"date-parts":[[2020,12,29]]},"references-count":0,"journal-issue":{"issue":"3","published-online":{"date-parts":[[2020,12,30]]}},"URL":"https:\/\/doi.org\/10.21664\/2238-8869.2020v9i3.p341-354","relation":{},"ISSN":["2238-8869"],"issn-type":[{"type":"electronic","value":"2238-8869"}],"subject":[],"published":{"date-parts":[[2020,12,29]]}}}