{"status":"ok","message-type":"work","message-version":"1.0.0","message":{"indexed":{"date-parts":[[2022,4,1]],"date-time":"2022-04-01T11:39:47Z","timestamp":1648813187322},"reference-count":0,"publisher":"Universidade do Porto, Faculdade de Letras","issue":"41","content-domain":{"domain":[],"crossmark-restriction":false},"short-container-title":["Prisma.com"],"DOI":"10.21747\/16463153\/41a4","type":"journal-article","created":{"date-parts":[[2020,2,24]],"date-time":"2020-02-24T09:49:52Z","timestamp":1582537792000},"page":"45-58","source":"Crossref","is-referenced-by-count":0,"title":["A reconfigura\u00e7\u00e3o do indiv\u00edduo derivada do Laborat\u00f3rio de Inclus\u00e3o Digital e Literacia (LIL)"],"prefix":"10.21747","author":[{"given":"Armando Manuel Barreiros Malheiro da","family":"Silva","sequence":"first","affiliation":[]},{"given":"Edileusa Regina Pena da","family":"Silva","sequence":"additional","affiliation":[]}],"member":"9208","published-online":{"date-parts":[[2020]]},"container-title":["Prisma.com"],"original-title":[],"deposited":{"date-parts":[[2020,2,24]],"date-time":"2020-02-24T09:49:56Z","timestamp":1582537796000},"score":1,"resource":{"primary":{"URL":"http:\/\/ojs.letras.up.pt\/index.php\/prismacom\/article\/view\/6398\/6233"}},"subtitle":[],"short-title":[],"issued":{"date-parts":[[2020]]},"references-count":0,"journal-issue":{"issue":"41","published-online":{"date-parts":[[2020]]}},"URL":"https:\/\/doi.org\/10.21747\/16463153\/41a4","relation":{},"ISSN":["1646-3153"],"issn-type":[{"value":"1646-3153","type":"electronic"}],"subject":[],"published":{"date-parts":[[2020]]}}}