{"status":"ok","message-type":"work","message-version":"1.0.0","message":{"indexed":{"date-parts":[[2022,3,31]],"date-time":"2022-03-31T16:54:44Z","timestamp":1648745684069},"reference-count":0,"publisher":"Universidade do Porto, Faculdade de Letras","issue":"41","content-domain":{"domain":[],"crossmark-restriction":false},"short-container-title":["Prisma.com"],"DOI":"10.21747\/16463153\/41a8","type":"journal-article","created":{"date-parts":[[2020,2,24]],"date-time":"2020-02-24T09:49:52Z","timestamp":1582537792000},"page":"123-166","source":"Crossref","is-referenced-by-count":0,"title":["8.\tObservat\u00f3rio CONTECSI e observat\u00f3rio do mercado de trabalho do profissional da informa\u00e7\u00e3o: colabora\u00e7\u00e3o acad\u00eamica e cient\u00edfica FEA USP e ECA USP"],"prefix":"10.21747","author":[{"given":"Francisco Carlos","family":"Paletta","sequence":"first","affiliation":[]},{"given":"Edson Luiz","family":"Riccio","sequence":"additional","affiliation":[]},{"given":"Armando Manuel Barreiros Malheiro da","family":"Silva","sequence":"additional","affiliation":[]}],"member":"9208","published-online":{"date-parts":[[2020]]},"container-title":["Prisma.com"],"original-title":[],"deposited":{"date-parts":[[2020,2,24]],"date-time":"2020-02-24T09:49:58Z","timestamp":1582537798000},"score":1,"resource":{"primary":{"URL":"http:\/\/ojs.letras.up.pt\/index.php\/prismacom\/article\/view\/6749\/6240"}},"subtitle":[],"short-title":[],"issued":{"date-parts":[[2020]]},"references-count":0,"journal-issue":{"issue":"41","published-online":{"date-parts":[[2020]]}},"URL":"https:\/\/doi.org\/10.21747\/16463153\/41a8","relation":{},"ISSN":["1646-3153"],"issn-type":[{"value":"1646-3153","type":"electronic"}],"subject":[],"published":{"date-parts":[[2020]]}}}