{"status":"ok","message-type":"work","message-version":"1.0.0","message":{"indexed":{"date-parts":[[2023,1,5]],"date-time":"2023-01-05T07:05:29Z","timestamp":1672902329930},"reference-count":0,"publisher":"Universidade do Porto, Faculdade de Letras","issue":"14","content-domain":{"domain":[],"crossmark-restriction":false},"short-container-title":["CEM"],"DOI":"10.21747\/2182-1097\/14apr","type":"journal-article","created":{"date-parts":[[2023,1,4]],"date-time":"2023-01-04T14:41:56Z","timestamp":1672843316000},"page":"7-19","source":"Crossref","is-referenced-by-count":0,"title":["Apresenta\u00e7\u00e3o"],"prefix":"10.21747","author":[{"given":"L\u00facia","family":"Rosas","sequence":"first","affiliation":[]},{"given":"Ana Cristina","family":"Sousa","sequence":"additional","affiliation":[]}],"member":"9208","published-online":{"date-parts":[[2022]]},"container-title":["CEM"],"original-title":[],"deposited":{"date-parts":[[2023,1,4]],"date-time":"2023-01-04T14:41:58Z","timestamp":1672843318000},"score":1,"resource":{"primary":{"URL":"https:\/\/ojs.letras.up.pt\/index.php\/CITCEM\/article\/view\/11731\/10656"}},"subtitle":[],"short-title":[],"issued":{"date-parts":[[2022]]},"references-count":0,"journal-issue":{"issue":"14","published-online":{"date-parts":[[2022]]}},"URL":"https:\/\/doi.org\/10.21747\/2182-1097\/14apr","relation":{},"ISSN":["2182-1097"],"issn-type":[{"value":"2182-1097","type":"electronic"}],"subject":[],"published":{"date-parts":[[2022]]}}}