{"status":"ok","message-type":"work","message-version":"1.0.0","message":{"indexed":{"date-parts":[[2023,5,4]],"date-time":"2023-05-04T04:34:20Z","timestamp":1683174860451},"reference-count":0,"publisher":"Universidade do Porto, Faculdade de Letras","issue":"15","content-domain":{"domain":[],"crossmark-restriction":false},"short-container-title":["Cem"],"DOI":"10.21747\/2182-1097\/cem15r5","type":"journal-article","created":{"date-parts":[[2023,3,16]],"date-time":"2023-03-16T08:11:32Z","timestamp":1678954292000},"page":"145-147","source":"Crossref","is-referenced-by-count":0,"title":["Lopes, Mar\u00edlia Miranda (2021). Os electr\u00f5es tamb\u00e9m devem ter alma. Desenhos de \u00c1lvaro Siza. Porto: Editora Exclama\u00e7\u00e3o"],"prefix":"10.21747","author":[{"given":"Francisco","family":"Topa","sequence":"first","affiliation":[]}],"member":"9208","published-online":{"date-parts":[[2023]]},"container-title":["Cem"],"original-title":[],"deposited":{"date-parts":[[2023,5,3]],"date-time":"2023-05-03T15:08:44Z","timestamp":1683126524000},"score":1,"resource":{"primary":{"URL":"https:\/\/ojs.letras.up.pt\/index.php\/CITCEM\/article\/view\/13094\/11932"}},"subtitle":[],"short-title":[],"issued":{"date-parts":[[2023]]},"references-count":0,"journal-issue":{"issue":"15","published-online":{"date-parts":[[2023]]}},"URL":"https:\/\/doi.org\/10.21747\/2182-1097\/cem15r5","relation":{},"ISSN":["2182-1097"],"issn-type":[{"value":"2182-1097","type":"electronic"}],"subject":[],"published":{"date-parts":[[2023]]}}}