{"status":"ok","message-type":"work","message-version":"1.0.0","message":{"indexed":{"date-parts":[[2026,2,25]],"date-time":"2026-02-25T12:20:26Z","timestamp":1772022026391,"version":"3.50.1"},"reference-count":0,"publisher":"Universidade do Porto, Faculdade de Letras","issue":"12","content-domain":{"domain":[],"crossmark-restriction":false},"short-container-title":["CEM"],"DOI":"10.21747\/21821097\/cem12a2","type":"journal-article","created":{"date-parts":[[2023,12,5]],"date-time":"2023-12-05T10:43:11Z","timestamp":1701772991000},"page":"13-25","source":"Crossref","is-referenced-by-count":2,"title":["Educa\u00e7\u00e3o Hist\u00f3rica nas primeiras idades: quadro epistemol\u00f3gico e conceptual"],"prefix":"10.21747","author":[{"given":"Gon\u00e7alo Maia","family":"Marques","sequence":"first","affiliation":[]}],"member":"9208","published-online":{"date-parts":[[2025,1,31]]},"container-title":["CEM"],"original-title":[],"deposited":{"date-parts":[[2026,2,25]],"date-time":"2026-02-25T11:45:17Z","timestamp":1772019917000},"score":1,"resource":{"primary":{"URL":"https:\/\/ojs.letras.up.pt\/index.php\/CITCEM\/article\/view\/10477"}},"subtitle":[],"short-title":[],"issued":{"date-parts":[[2025,1,31]]},"references-count":0,"journal-issue":{"issue":"12","published-online":{"date-parts":[[2025,1,31]]}},"URL":"https:\/\/doi.org\/10.21747\/21821097\/cem12a2","relation":{},"ISSN":["2182-1097"],"issn-type":[{"value":"2182-1097","type":"electronic"}],"subject":[],"published":{"date-parts":[[2025,1,31]]}}}