{"status":"ok","message-type":"work","message-version":"1.0.0","message":{"indexed":{"date-parts":[[2022,3,29]],"date-time":"2022-03-29T15:34:59Z","timestamp":1648568099478},"reference-count":0,"publisher":"Universidade do Porto, Faculdade de Letras","content-domain":{"domain":[],"crossmark-restriction":false},"short-container-title":["Filosofia"],"published-print":{"date-parts":[[2014]]},"DOI":"10.21747\/21836892\/fil31a6","type":"journal-article","created":{"date-parts":[[2016,9,15]],"date-time":"2016-09-15T11:26:05Z","timestamp":1473938765000},"page":"99-110","source":"Crossref","is-referenced-by-count":0,"title":["Kierkegaard e a vida \u00abconforme a concep\u00e7\u00e3o corrente de l\u00f3gica\u00bb (Hegel)"],"prefix":"10.21747","author":[{"given":"Jo\u00e3o Alberto","family":"Pinto","sequence":"first","affiliation":[]}],"member":"9208","published-online":{"date-parts":[[2014]]},"container-title":["Filosofia : Revista da Faculdade de Letras da Universidade do Porto"],"original-title":[],"deposited":{"date-parts":[[2016,9,15]],"date-time":"2016-09-15T11:26:09Z","timestamp":1473938769000},"score":1,"resource":{"primary":{"URL":"http:\/\/ojs.letras.up.pt\/index.php\/filosofia\/article\/view\/725\/927"}},"subtitle":[],"short-title":[],"issued":{"date-parts":[[2014]]},"references-count":0,"URL":"https:\/\/doi.org\/10.21747\/21836892\/fil31a6","relation":{},"ISSN":["0871-1658","2183-6892"],"issn-type":[{"value":"0871-1658","type":"print"},{"value":"2183-6892","type":"electronic"}],"subject":[],"published":{"date-parts":[[2014]]}}}