{"status":"ok","message-type":"work","message-version":"1.0.0","message":{"indexed":{"date-parts":[[2025,2,21]],"date-time":"2025-02-21T22:51:08Z","timestamp":1740178268653,"version":"3.37.3"},"reference-count":0,"publisher":"Revista da FAEEBA","issue":"63","license":[{"start":{"date-parts":[[2021,9,29]],"date-time":"2021-09-29T00:00:00Z","timestamp":1632873600000},"content-version":"unspecified","delay-in-days":0,"URL":"http:\/\/creativecommons.org\/licenses\/by-nc\/4.0"}],"content-domain":{"domain":[],"crossmark-restriction":false},"short-container-title":["Rev. FAEEBA - Educ. e Contemp."],"abstract":"<jats:p>O artigo visa reconstituir as experi\u00eancias formativas, autoformativas e formadoras da vida activa escolar, e em profiss\u00e3o, da aluna, professora e pesquisadora Maria Salonilde Ferreira no intervalo do tempo correspondente \u00e0 sua primeira escolariza\u00e7\u00e3o (1951) e no seu est\u00e1gio conclusivo do magist\u00e9rio superior (2014). A abordagem te\u00f3rica utilizada para an\u00e1lise do corpus documental da pesquisa ancora-se nas aprendizagens experienciais de Marie-Christine Josso (2010), essencialmente por ser este arcabou\u00e7o que possibilita a apreens\u00e3o dos processos de aquisi\u00e7\u00e3o dos saberes culturais e das aprendizagens, implicados nos componentes da forma\u00e7\u00e3o e da autoforma\u00e7\u00e3o, bem como nos componentes formadores. As principais conclus\u00f5es resultantes da pesquisa revelam a interse\u00e7\u00e3o de fatores complexos \u00e0 semelhan\u00e7a do acesso \u00e0s oportunidades socioeducacionais e an\u00e1logos \u00e0s experiencias intervenientes na vida escolar, e em profiss\u00e3o, dessa educadora e pesquisadora da \u00e1rea de educa\u00e7\u00e3o.\r\nPalavras-chave: Vida activa. Aprendizagens experienciais. Experi\u00eancias formativas e formadoras. Educa\u00e7\u00e3o de mulheres.<\/jats:p>","DOI":"10.21879\/faeeba2358-0194.2021.v30.n63.p223-238","type":"journal-article","created":{"date-parts":[[2021,9,30]],"date-time":"2021-09-30T16:55:10Z","timestamp":1633020910000},"page":"223-238","source":"Crossref","is-referenced-by-count":0,"title":["A vida activa estudantil e educativa de Maria Salonilde Ferreira (1951-2014)"],"prefix":"10.21879","volume":"30","author":[{"ORCID":"https:\/\/orcid.org\/0000-0001-5820-9462","authenticated-orcid":false,"given":"Marta Maria de","family":"Ara\u00fajo","sequence":"first","affiliation":[]},{"ORCID":"https:\/\/orcid.org\/0000-0002-9814-1076","authenticated-orcid":false,"given":"Cristina C.","family":"Vieira","sequence":"additional","affiliation":[]}],"member":"9345","published-online":{"date-parts":[[2021,9,29]]},"container-title":["Revista da FAEEBA - Educa\u00e7\u00e3o e Contemporaneidade"],"original-title":[],"link":[{"URL":"https:\/\/www.revistas.uneb.br\/index.php\/faeeba\/article\/download\/11169\/8749","content-type":"application\/pdf","content-version":"vor","intended-application":"text-mining"},{"URL":"https:\/\/www.revistas.uneb.br\/index.php\/faeeba\/article\/download\/11169\/8749","content-type":"unspecified","content-version":"vor","intended-application":"similarity-checking"}],"deposited":{"date-parts":[[2021,9,30]],"date-time":"2021-09-30T19:14:21Z","timestamp":1633029261000},"score":1,"resource":{"primary":{"URL":"https:\/\/www.revistas.uneb.br\/index.php\/faeeba\/article\/view\/11169"}},"subtitle":[],"short-title":[],"issued":{"date-parts":[[2021,9,29]]},"references-count":0,"journal-issue":{"issue":"63","published-online":{"date-parts":[[2021,9,30]]}},"URL":"https:\/\/doi.org\/10.21879\/faeeba2358-0194.2021.v30.n63.p223-238","relation":{},"ISSN":["2358-0194","0104-7043"],"issn-type":[{"type":"electronic","value":"2358-0194"},{"type":"print","value":"0104-7043"}],"subject":[],"published":{"date-parts":[[2021,9,29]]}}}