{"status":"ok","message-type":"work","message-version":"1.0.0","message":{"indexed":{"date-parts":[[2025,5,14]],"date-time":"2025-05-14T07:33:53Z","timestamp":1747208033592,"version":"3.40.5"},"reference-count":0,"publisher":"UNINTER","license":[{"start":{"date-parts":[[2024,6,8]],"date-time":"2024-06-08T00:00:00Z","timestamp":1717804800000},"content-version":"unspecified","delay-in-days":0,"URL":"https:\/\/creativecommons.org\/licenses\/by-nc-nd\/4.0"}],"content-domain":{"domain":[],"crossmark-restriction":false},"short-container-title":["INTERSABERES"],"abstract":"<jats:p>Padre Ant\u00f3nio d\u2019 Oliveira (1867-1923) foi um pedagogo dedicado \u00e0 prote\u00e7\u00e3o da inf\u00e2ncia, mentor da Lei de Prote\u00e7\u00e3o \u00e0 Inf\u00e2ncia (1911) e menores delinquentes no per\u00edodo republicano. O presente estudo \u00e9 hist\u00f3rico-descritivo, e pretende contribuir para uma melhor compreens\u00e3o do pensamento hist\u00f3rico da \u00e9poca. Analis\u00e1mos hermen\u00eauticamente a obra de Oliveira, estabelecendo os seguintes objetivos: analisar esta figura marcante para hist\u00f3ria da educa\u00e7\u00e3o social e hist\u00f3ria social da inf\u00e2ncia; compreender a\u00e7\u00f5es de educa\u00e7\u00e3o social com menores internados; interpretar a sua obra, no \u00e2mbito da prote\u00e7\u00e3o, preven\u00e7\u00e3o e promo\u00e7\u00e3o da inf\u00e2ncia\/juventude. S\u00e3o aspetos relevantes a natureza hist\u00f3rica sobre reeduca\u00e7\u00e3o e legisla\u00e7\u00e3o jur\u00eddica de menores, pelas v\u00e1rias mudan\u00e7as significativas ao n\u00edvel da prote\u00e7\u00e3o, preven\u00e7\u00e3o e reeduca\u00e7\u00e3o da crian\u00e7a, no s\u00e9c. XX.<\/jats:p>","DOI":"10.22169\/revint.v19.e24tl4009","type":"journal-article","created":{"date-parts":[[2024,11,29]],"date-time":"2024-11-29T18:18:06Z","timestamp":1732904286000},"page":"e24tl4009","source":"Crossref","is-referenced-by-count":0,"title":["Prote\u00e7\u00e3o da Inf\u00e2ncia Portuguesa e os Contributos do Padre D\u2019Oliveira na 1\u00ba Rep\u00fablica"],"prefix":"10.22169","author":[{"ORCID":"https:\/\/orcid.org\/0000-0003-4505-0514","authenticated-orcid":false,"given":"Ernesto Candeias","family":"Martins","sequence":"first","affiliation":[]}],"member":"9340","published-online":{"date-parts":[[2024,6,8]]},"container-title":["REVISTA INTERSABERES"],"original-title":[],"link":[{"URL":"https:\/\/www.revistasuninter.com\/intersaberes\/index.php\/revista\/article\/download\/2645\/414852","content-type":"application\/pdf","content-version":"vor","intended-application":"text-mining"},{"URL":"https:\/\/www.revistasuninter.com\/intersaberes\/index.php\/revista\/article\/download\/2645\/414852","content-type":"unspecified","content-version":"vor","intended-application":"similarity-checking"}],"deposited":{"date-parts":[[2024,11,29]],"date-time":"2024-11-29T18:18:06Z","timestamp":1732904286000},"score":1,"resource":{"primary":{"URL":"https:\/\/www.revistasuninter.com\/intersaberes\/index.php\/revista\/article\/view\/2645"}},"subtitle":[],"short-title":[],"issued":{"date-parts":[[2024,6,8]]},"references-count":0,"URL":"https:\/\/doi.org\/10.22169\/revint.v19.e24tl4009","relation":{},"ISSN":["1809-7286"],"issn-type":[{"type":"electronic","value":"1809-7286"}],"subject":[],"published":{"date-parts":[[2024,6,8]]}}}