{"status":"ok","message-type":"work","message-version":"1.0.0","message":{"indexed":{"date-parts":[[2025,5,14]],"date-time":"2025-05-14T07:43:44Z","timestamp":1747208624608,"version":"3.40.5"},"reference-count":0,"publisher":"Pos-Graduacao em Comunicacao e Cultura \u2013 PPGCC","issue":"19","content-domain":{"domain":[],"crossmark-restriction":false},"short-container-title":["Tr\u00edade"],"abstract":"<jats:p>Ao longo de sua hist\u00f3ria o cinema adotou diferentes formatos de tela, o chamado aspect ratio, cuja defini\u00e7\u00e3o sempre esteve a cargo da ind\u00fastria ou de alguns realizadores de voca\u00e7\u00e3o autoral. Utilizando um menor n\u00famero de varia\u00e7\u00f5es, a televis\u00e3o sempre trabalhou com formatos rigorosamente definidos. Entretanto na atualidade o enquadramento da dimens\u00e3o espacial em dispositivos m\u00f3veis quando usados para filmagens tende a seguir outros modelos, com predomin\u00e2ncia da tela vertical, que corresponde \u00e0 principal modalidade de uso do smartphone ou tablet na captura de imagens. A emerg\u00eancia de narrativas digitais, atrav\u00e9s de selfies e outras formas de interven\u00e7\u00e3o individual, representa uma viragem ideol\u00f3gica em que \u201co autor\u201d somos todos n\u00f3s. Trata-se de uma mudan\u00e7a de paradigma que importa debater e analisar \u00e0 luz das novas m\u00eddias e das narrativas que a suportam, j\u00e1 que os modos de representa\u00e7\u00e3o da experi\u00eancia visual n\u00e3o cabem mais nas janelas de confinamento que a ind\u00fastria audiovisual originalmente destinou a eles.<\/jats:p>","DOI":"10.22484\/2318-5694.2020v8n19p177-191","type":"journal-article","created":{"date-parts":[[2021,3,1]],"date-time":"2021-03-01T17:12:53Z","timestamp":1614618773000},"page":"177-191","source":"Crossref","is-referenced-by-count":0,"title":["A espacialidade da tela vertical nas narrativas digitais contempor\u00e2neas e as reconfigura\u00e7\u00f5es do aspect ratio no audiovisual"],"prefix":"10.22484","volume":"8","author":[{"ORCID":"https:\/\/orcid.org\/0000-0002-2082-5996","authenticated-orcid":false,"given":"Jos\u00e9","family":"Bidarra","sequence":"first","affiliation":[]},{"ORCID":"https:\/\/orcid.org\/0000-0002-0849-109X","authenticated-orcid":false,"given":"Luis Fernando","family":"Severo","sequence":"additional","affiliation":[]}],"member":"9777","published-online":{"date-parts":[[2020,12,29]]},"container-title":["Tr\u00edade: Revista de Comunica\u00e7\u00e3o, Cultura e M\u00eddia"],"original-title":[],"link":[{"URL":"http:\/\/periodicos.uniso.br\/ojs\/index.php\/triade\/article\/download\/4136\/3861","content-type":"application\/pdf","content-version":"vor","intended-application":"text-mining"},{"URL":"http:\/\/periodicos.uniso.br\/ojs\/index.php\/triade\/article\/download\/4136\/3861","content-type":"unspecified","content-version":"vor","intended-application":"similarity-checking"}],"deposited":{"date-parts":[[2021,3,1]],"date-time":"2021-03-01T17:12:53Z","timestamp":1614618773000},"score":1,"resource":{"primary":{"URL":"http:\/\/periodicos.uniso.br\/ojs\/index.php\/triade\/article\/view\/4136"}},"subtitle":[],"short-title":[],"issued":{"date-parts":[[2020,12,29]]},"references-count":0,"journal-issue":{"issue":"19","published-online":{"date-parts":[[2020,12,29]]}},"URL":"https:\/\/doi.org\/10.22484\/2318-5694.2020v8n19p177-191","relation":{},"ISSN":["2318-5694"],"issn-type":[{"type":"electronic","value":"2318-5694"}],"subject":[],"published":{"date-parts":[[2020,12,29]]}}}