{"status":"ok","message-type":"work","message-version":"1.0.0","message":{"indexed":{"date-parts":[[2025,5,14]],"date-time":"2025-05-14T07:58:40Z","timestamp":1747209520907,"version":"3.40.5"},"reference-count":0,"publisher":"NMd - Nucleo Multidisciplinar","issue":"1","content-domain":{"domain":[],"crossmark-restriction":false},"short-container-title":["REVISTA"],"abstract":"<jats:p>Neste trabalho procura-se aceder ao conhecimento declarado sobre as pr\u00e1ticas e desafios que se colocam aos professores e educadores nas atividades de express\u00e3o pl\u00e1stica e visual no Ensino B\u00e1sico em Portugal. Estando hoje a forma\u00e7\u00e3o de professores, organizada em dois ciclos de estudos superiores: um primeiro ciclo de forma\u00e7\u00e3o inicial em educa\u00e7\u00e3o b\u00e1sica e um segundo ciclo de forma\u00e7\u00e3o especializada com \u00eanfase nas pr\u00e1ticas de ensino supervisionada, procur\u00e1mos estudar alguns relat\u00f3rios dessas pr\u00e1ticas, realizados para obten\u00e7\u00e3o do grau de mestre. Nestes relat\u00f3rios, os futuros professores apresentam as atividades implementadas em contexto escolar bem como os procedimentos e as estrat\u00e9gias de ensino-aprendizagem desenvolvidos com os alunos do ensino b\u00e1sico com a integra\u00e7\u00e3o das diferentes \u00e1reas curriculares.<\/jats:p>","DOI":"10.23882\/di2155","type":"journal-article","created":{"date-parts":[[2021,5,15]],"date-time":"2021-05-15T09:59:46Z","timestamp":1621072786000},"page":"113-119","source":"Crossref","is-referenced-by-count":0,"title":["Conhecimento declarado sobre as pr\u00e1ticas em Express\u00e3o Pl\u00e1stica e Visual"],"prefix":"10.23882","volume":"3","author":[{"name":"Universidade do Algarve, Portugal","sequence":"first","affiliation":[]},{"given":"Patr\u00edcia","family":"Viegas","sequence":"first","affiliation":[]},{"given":"M\u00f3nica","family":"Pereira","sequence":"additional","affiliation":[]},{"ORCID":"https:\/\/orcid.org\/0000-0001-9646-3015","authenticated-orcid":false,"given":"Francisco Baptista","family":"Gil","sequence":"additional","affiliation":[]}],"member":"9967","published-online":{"date-parts":[[2021,5]]},"container-title":["revistamultidisciplinar.com"],"original-title":[],"deposited":{"date-parts":[[2021,7,4]],"date-time":"2021-07-04T08:28:20Z","timestamp":1625387300000},"score":1,"resource":{"primary":{"URL":"https:\/\/revistamultidisciplinar.com\/index.php\/oj\/article\/view\/47"}},"subtitle":[],"short-title":[],"issued":{"date-parts":[[2021,5]]},"references-count":0,"journal-issue":{"issue":"1","published-online":{"date-parts":[[2021,5]]}},"URL":"https:\/\/doi.org\/10.23882\/di2155","relation":{},"ISSN":["2184-5492"],"issn-type":[{"type":"electronic","value":"2184-5492"}],"subject":[],"published":{"date-parts":[[2021,5]]}}}