{"status":"ok","message-type":"work","message-version":"1.0.0","message":{"indexed":{"date-parts":[[2025,2,21]],"date-time":"2025-02-21T22:55:58Z","timestamp":1740178558128,"version":"3.37.3"},"reference-count":0,"publisher":"NMd - Nucleo Multidisciplinar","issue":"1","content-domain":{"domain":[],"crossmark-restriction":false},"short-container-title":["Omnia"],"published-print":{"date-parts":[[2018,2,28]]},"DOI":"10.23882\/om08-1-2018-b","type":"journal-article","created":{"date-parts":[[2018,2,26]],"date-time":"2018-02-26T18:37:41Z","timestamp":1519670261000},"page":"71-78","source":"Crossref","is-referenced-by-count":0,"title":["Transmisi\u00f3n de informaci\u00f3n pol\u00edtica y estructura de redes sociales. Un an\u00e1lisis comparativo entre estudiantes universitarios de Espa\u00f1a y Portugal"],"prefix":"10.23882","volume":"8","author":[{"name":"Universidad Loyola Andaluc\u00eda","sequence":"first","affiliation":[]},{"ORCID":"https:\/\/orcid.org\/0000-0003-1071-4536","authenticated-orcid":false,"given":"Alejandro","family":"Tapia Frade","sequence":"first","affiliation":[]},{"ORCID":"https:\/\/orcid.org\/0000-0001-9646-3015","authenticated-orcid":false,"given":"Francisco","family":"Baptista Gil","sequence":"additional","affiliation":[]}],"member":"9967","published-online":{"date-parts":[[2018,2,28]]},"container-title":["OMNIA Revista Interdisciplinar de Ci\u00eancias e Artes"],"original-title":[],"deposited":{"date-parts":[[2018,11,5]],"date-time":"2018-11-05T06:34:40Z","timestamp":1541399680000},"score":1,"resource":{"primary":{"URL":"http:\/\/revistamultidisciplinar.pt\/OM08_1\/OM201801B.html"}},"subtitle":[],"short-title":[],"issued":{"date-parts":[[2018,2,28]]},"references-count":0,"journal-issue":{"issue":"1","published-online":{"date-parts":[[2018,2,28]]},"published-print":{"date-parts":[[2018,2,28]]}},"URL":"https:\/\/doi.org\/10.23882\/om08-1-2018-b","relation":{},"ISSN":["2183-8720","2183-4008"],"issn-type":[{"type":"print","value":"2183-8720"},{"type":"electronic","value":"2183-4008"}],"subject":[],"published":{"date-parts":[[2018,2,28]]}}}