{"status":"ok","message-type":"work","message-version":"1.0.0","message":{"indexed":{"date-parts":[[2025,2,21]],"date-time":"2025-02-21T23:07:00Z","timestamp":1740179220001,"version":"3.37.3"},"reference-count":0,"publisher":"Pontifical Catholic University of Sao Paulo (PUC-SP)","issue":"26","license":[{"start":{"date-parts":[[2021,7,8]],"date-time":"2021-07-08T00:00:00Z","timestamp":1625702400000},"content-version":"unspecified","delay-in-days":0,"URL":"http:\/\/creativecommons.org\/licenses\/by-nc\/4.0"}],"content-domain":{"domain":[],"crossmark-restriction":false},"short-container-title":["FronteiraZ"],"abstract":"<jats:p>Partilhamos uma leitura de um caso central da literatura juvenil portuguesa contempor\u00e2nea. Supergigante (2014) \u00e9 tamb\u00e9m um objeto est\u00e9tico que se toca, v\u00ea e l\u00ea de acordo com v\u00e1rias gram\u00e1ticas. Pretendemos us\u00e1-las para trabalhar, intratextualmente, a personagem do adolescente que, no mesmo dia, experiencia a perda do av\u00f4 e o seu primeiro beijo num violento choque de emo\u00e7\u00f5es; e, paratextualmente, descodificar a materializa\u00e7\u00e3o da leitura liter\u00e1ria que, atrav\u00e9s do texto de Ana Pessoa e da ilustra\u00e7\u00e3o de Bernardo P. Carvalho, se faz jogando tamb\u00e9m com as dificuldades em lutar com o peso gravitacional do lugar e do tempo na adolesc\u00eancia. Joga-se com a intensidade, a velocidade, do tempo de ser e de dizer, tudo em excesso. Edgar, protagonista e narrador, \u00e9 um corpo que adolesce abruptamente como numa explos\u00e3o c\u00f3smica. Exprimi-lo \u00e9 confessar logo na primeira linha: \u201cEu corro e n\u00e3o avan\u00e7o.\u201d\u00a0\u00a0 \u00a0TRANSLATE with  x  EnglishArabicHebrewPolishBulgarianHindiPortugueseCatalanHmong DawRomanianChinese SimplifiedHungarianRussianChinese TraditionalIndonesianSlovakCzechItalianSlovenianDanishJapaneseSpanishDutchKlingonSwedishEnglishKoreanThaiEstonianLatvianTurkishFinnishLithuanianUkrainianFrenchMalayUrduGermanMalteseVietnameseGreekNorwegianWelshHaitian CreolePersian\u00a0\/\/       \u00a0TRANSLATE with  COPY THE URL BELOW       Back  EMBED THE SNIPPET BELOW IN YOUR SITE  Enable collaborative features and customize widget: Bing Webmaster PortalBack\/\/<\/jats:p>","DOI":"10.23925\/1983-4373.2021i26p116-131","type":"journal-article","created":{"date-parts":[[2021,7,13]],"date-time":"2021-07-13T19:13:55Z","timestamp":1626203635000},"page":"116-131","source":"Crossref","is-referenced-by-count":0,"title":["Corpo, espa\u00e7o com tempo: as dores de crescimento em Supergigante de Ana Pessoa e Bernardo P. Carvalho"],"prefix":"10.23925","author":[{"ORCID":"https:\/\/orcid.org\/0000-0002-7298-3945","authenticated-orcid":false,"given":"Cl\u00e1udia Sousa","family":"Pereira","sequence":"first","affiliation":[]}],"member":"10019","published-online":{"date-parts":[[2021,7,8]]},"container-title":["FronteiraZ. Revista do Programa de Estudos P\u00f3s-Graduados em Literatura e Cr\u00edtica Liter\u00e1ria"],"original-title":[],"link":[{"URL":"https:\/\/revistas.pucsp.br\/index.php\/fronteiraz\/article\/viewFile\/53044\/pdf","content-type":"application\/pdf","content-version":"vor","intended-application":"text-mining"}],"deposited":{"date-parts":[[2021,7,13]],"date-time":"2021-07-13T19:13:57Z","timestamp":1626203637000},"score":1,"resource":{"primary":{"URL":"https:\/\/revistas.pucsp.br\/index.php\/fronteiraz\/article\/view\/53044"}},"subtitle":[],"short-title":[],"issued":{"date-parts":[[2021,7,8]]},"references-count":0,"journal-issue":{"issue":"26","published-online":{"date-parts":[[2021,7,8]]}},"URL":"https:\/\/doi.org\/10.23925\/1983-4373.2021i26p116-131","relation":{},"ISSN":["1983-4373"],"issn-type":[{"type":"electronic","value":"1983-4373"}],"subject":[],"published":{"date-parts":[[2021,7,8]]}}}