{"status":"ok","message-type":"work","message-version":"1.0.0","message":{"indexed":{"date-parts":[[2025,5,14]],"date-time":"2025-05-14T08:00:29Z","timestamp":1747209629755,"version":"3.40.5"},"reference-count":0,"publisher":"Portal do Envelhecimento Comunica\u00e7\u00e3o Ltda","license":[{"start":{"date-parts":[[2022,2,2]],"date-time":"2022-02-02T00:00:00Z","timestamp":1643760000000},"content-version":"unspecified","delay-in-days":0,"URL":"https:\/\/creativecommons.org\/licenses\/by\/4.0"}],"content-domain":{"domain":[],"crossmark-restriction":false},"short-container-title":["Kair\u00f3s-Gerontologia"],"abstract":"<jats:p>O objetivo \u00e9 propor recomenda\u00e7\u00f5es de medidas de preven\u00e7\u00e3o, a fim de evitar a transmiss\u00e3o da Covid-19 em Institui\u00e7\u00f5es de Longa Perman\u00eancia para Idosos (ILPI\u2019s), al\u00e9m de estrat\u00e9gias para assegurar a conectividade dos idosos residentes com familiares e amigos no contexto da Covid-19. O M\u00e9todo prev\u00ea um estudo reflexivo, produzido com base em leituras correlacionadas com a \u00e1rea tem\u00e1tica. Os Resultados evidenciam que foram constru\u00eddas recomenda\u00e7\u00f5es segundo evid\u00eancias cient\u00edficas atuais de medidas preventivas para o novo coronav\u00edrus, e estrat\u00e9gias para minimizar os impactos do isolamento social em idosos de Institui\u00e7\u00f5es de Longa Perman\u00eancia. As reflex\u00f5es realizadas contribuem para nortear estrat\u00e9gias para o cuidado de enfermagem aos idosos institucionalizados.<\/jats:p>","DOI":"10.23925\/2176-901x.2021v24iespecial30p165-177","type":"journal-article","created":{"date-parts":[[2022,7,19]],"date-time":"2022-07-19T16:58:28Z","timestamp":1658249908000},"page":"165-177","source":"Crossref","is-referenced-by-count":1,"title":["Estrat\u00e9gias pr\u00e1ticas para o cuidado de enfermagem aos idosos residentes em Institui\u00e7\u00f5es de Longa Perman\u00eancia para idosos (ILPI\u2019s)"],"prefix":"10.61583","volume":"24","author":[{"ORCID":"https:\/\/orcid.org\/0000-0002-2795-8775","authenticated-orcid":false,"given":"Ana Carolina","family":"Sartori","sequence":"first","affiliation":[]},{"given":"Paula Cristina Pereira da","family":"Costa","sequence":"additional","affiliation":[]},{"ORCID":"https:\/\/orcid.org\/0000-0001-9518-2289","authenticated-orcid":false,"given":"Felismina Rosa Parreira","family":"Mendes","sequence":"additional","affiliation":[]},{"ORCID":"https:\/\/orcid.org\/0000-0002-9547-0093","authenticated-orcid":false,"given":"Vilani Medeiros de Ara\u00fajo","family":"Nunes","sequence":"additional","affiliation":[]},{"ORCID":"https:\/\/orcid.org\/0000-0001-5027-0429","authenticated-orcid":false,"given":"Claudia","family":"Adjzen","sequence":"additional","affiliation":[]},{"ORCID":"https:\/\/orcid.org\/0000-0003-4200-1186","authenticated-orcid":false,"given":"Meiry Fernanda Pinto","family":"Okuno","sequence":"additional","affiliation":[]}],"member":"47743","published-online":{"date-parts":[[2022,2,2]]},"container-title":["Revista Kair\u00f3s-Gerontologia"],"original-title":[],"link":[{"URL":"https:\/\/revistas.pucsp.br\/index.php\/kairos\/article\/download\/54916\/38845","content-type":"application\/pdf","content-version":"vor","intended-application":"text-mining"},{"URL":"https:\/\/revistas.pucsp.br\/index.php\/kairos\/article\/download\/54916\/38845","content-type":"unspecified","content-version":"vor","intended-application":"similarity-checking"}],"deposited":{"date-parts":[[2023,10,10]],"date-time":"2023-10-10T16:38:01Z","timestamp":1696955881000},"score":1,"resource":{"primary":{"URL":"https:\/\/revistas.pucsp.br\/index.php\/kairos\/article\/view\/54916"}},"subtitle":[],"short-title":[],"issued":{"date-parts":[[2022,2,2]]},"references-count":0,"URL":"https:\/\/doi.org\/10.23925\/2176-901x.2021v24iespecial30p165-177","relation":{},"ISSN":["2176-901X","1516-2567"],"issn-type":[{"type":"electronic","value":"2176-901X"},{"type":"print","value":"1516-2567"}],"subject":[],"published":{"date-parts":[[2022,2,2]]}}}