{"status":"ok","message-type":"work","message-version":"1.0.0","message":{"indexed":{"date-parts":[[2024,2,29]],"date-time":"2024-02-29T15:29:15Z","timestamp":1709220555246},"reference-count":0,"publisher":"Universidad de Valladolid","issue":"20","license":[{"start":{"date-parts":[[2019,6,28]],"date-time":"2019-06-28T00:00:00Z","timestamp":1561680000000},"content-version":"unspecified","delay-in-days":0,"URL":"http:\/\/creativecommons.org\/licenses\/by-nc\/4.0"}],"content-domain":{"domain":[],"crossmark-restriction":false},"short-container-title":["EM"],"abstract":"<jats:p>Las fronteras que separan los reinos peninsulares en la Edad Media se determinaron como resultado de la Reconquista, de la voluntad pol\u00edtica y el establecimiento de pobladores que en los diferentes territorios fueron creando din\u00e1micas m\u00e1s localizadas. El paisaje fue determinante en la creaci\u00f3n de v\u00ednculos territoriales o de separaciones impuestas por locales de una geograf\u00eda adversa. En relaci\u00f3n con las facilidades o dificultades de contacto y con el desarrollo de las actividades econ\u00f3micas, las comunidades locales fueron creando relaciones familiares, de paz y de amistad, que alternaban con momentos de conflicto y de resistencias. En el siglo XVI, los viajes de Afonso Mendes de Resende y de Duarte de Armas, nos permiten entender la organizaci\u00f3n cultural, social, econ\u00f3mica y pol\u00edtica del espacio de frontera y de las relaciones cotidianas establecidas en torno a esa l\u00ednea, siempre presente en la memoria y en las demarcaciones del territorio<\/jats:p>","DOI":"10.24197\/em.20.2019.244-280","type":"journal-article","created":{"date-parts":[[2019,6,28]],"date-time":"2019-06-28T16:25:07Z","timestamp":1561739107000},"page":"244-280","source":"Crossref","is-referenced-by-count":1,"title":["Paisagens e viv\u00eancias na fronteira: De Castro Marim a Montalv\u00e3o nos in\u00edcios do s\u00e9culo XVI"],"prefix":"10.24197","author":[{"given":"Isabel","family":"Vaz de Freitas","sequence":"first","affiliation":[]}],"member":"10298","published-online":{"date-parts":[[2019,6,28]]},"container-title":["Edad Media. Revista de Historia"],"original-title":[],"link":[{"URL":"https:\/\/revistas.uva.es\/index.php\/edadmedia\/article\/download\/3586\/2893","content-type":"application\/pdf","content-version":"vor","intended-application":"text-mining"},{"URL":"https:\/\/revistas.uva.es\/index.php\/edadmedia\/article\/download\/3586\/2893","content-type":"unspecified","content-version":"vor","intended-application":"similarity-checking"}],"deposited":{"date-parts":[[2022,1,14]],"date-time":"2022-01-14T16:55:14Z","timestamp":1642179314000},"score":1,"resource":{"primary":{"URL":"https:\/\/revistas.uva.es\/index.php\/edadmedia\/article\/view\/3586"}},"subtitle":[],"short-title":[],"issued":{"date-parts":[[2019,6,28]]},"references-count":0,"journal-issue":{"issue":"20","published-online":{"date-parts":[[2019,7,18]]}},"URL":"https:\/\/doi.org\/10.24197\/em.20.2019.244-280","relation":{},"ISSN":["2530-6448"],"issn-type":[{"value":"2530-6448","type":"electronic"}],"subject":[],"published":{"date-parts":[[2019,6,28]]}}}