{"status":"ok","message-type":"work","message-version":"1.0.0","message":{"indexed":{"date-parts":[[2025,5,14]],"date-time":"2025-05-14T08:08:10Z","timestamp":1747210090721,"version":"3.40.5"},"reference-count":0,"publisher":"Malaga University","issue":"1","content-domain":{"domain":[],"crossmark-restriction":false},"short-container-title":["J Physical Educ &amp; Hum Mov"],"abstract":"<jats:p>En esta investigaci\u00f3n se analiza la implementaci\u00f3n de la metodolog\u00eda activa de ense\u00f1anza del Trabajo por proyectos (ABP) en el primer semestre del curso 2019-20 en el M\u00e1ster en Profesorado de Educaci\u00f3n Secundaria Obligatoria Y Bachillerato, Formaci\u00f3n Profesional y ense\u00f1anza de Idiomas\u00a0(MAES) en las especialidades Dibujo, Imagen y Artes Pl\u00e1sticas, Educaci\u00f3n F\u00edsica y M\u00fasica.\r\n\u00a0\r\n\u00a0\u00a0\u00a0\u00a0\u00a0\u00a0\u00a0\u00a0\u00a0\u00a0\u00a0 Esta iniciativa surge a partir de la coordinaci\u00f3n del profesorado del MAES y su implementaci\u00f3n ha supuesto un reto en un \u00e1mbito habituado a emplear metodolog\u00edas tradicionales, condicionadas por la tradici\u00f3n acad\u00e9mica memor\u00edstica. A partir del dise\u00f1o, implementaci\u00f3n y evaluaci\u00f3n de un proyecto en torno a un tema com\u00fan, hemos propiciado en nuestro alumnado un aprendizaje basado en la experiencia pr\u00e1ctica y el desarrollo de las competencias propuestas en las gu\u00edas docentes de las asignaturas. Los resultados que ofrece este estudio, similares a los de otras investigaciones, nos indican que la implementaci\u00f3n de las metodolog\u00edas activas en los estudios de posgrado deber\u00eda marcar la pr\u00e1ctica pedag\u00f3gica, donde los docentes adquieren nuevas funciones, centradas cada vez m\u00e1s en facilitar el aprendizaje a su alumnado que en trasmitir ning\u00fan tipo de ense\u00f1anza.<\/jats:p>","DOI":"10.24310\/jpehmjpehmjpehm.v3i111862","type":"journal-article","created":{"date-parts":[[2021,4,13]],"date-time":"2021-04-13T08:48:53Z","timestamp":1618303733000},"page":"22-28","source":"Crossref","is-referenced-by-count":1,"title":["Implementaci\u00f3n  del  trabajo por proyectos en el Master de Profesorado de la Universidad de M\u00e1laga"],"prefix":"10.24310","volume":"3","author":[{"given":"A. Sim\u00f3n","family":"S\u00e1nchez Fern\u00e1ndez","sequence":"first","affiliation":[]},{"given":"Rui Manuel","family":"Soisa Mendes","sequence":"additional","affiliation":[]},{"ORCID":"https:\/\/orcid.org\/0000-0003-2335-1156","authenticated-orcid":false,"given":"Honorato","family":"Morente Oria","sequence":"additional","affiliation":[]}],"member":"10411","published-online":{"date-parts":[[2021,4,12]]},"container-title":["Journal of Physical Education and Human Movement"],"original-title":[],"link":[{"URL":"https:\/\/revistas.uma.es\/index.php\/JPEHM\/article\/download\/11862\/12729","content-type":"application\/pdf","content-version":"vor","intended-application":"text-mining"},{"URL":"https:\/\/revistas.uma.es\/index.php\/JPEHM\/article\/download\/11862\/12729","content-type":"unspecified","content-version":"vor","intended-application":"similarity-checking"}],"deposited":{"date-parts":[[2021,4,13]],"date-time":"2021-04-13T08:48:54Z","timestamp":1618303734000},"score":1,"resource":{"primary":{"URL":"https:\/\/revistas.uma.es\/index.php\/JPEHM\/article\/view\/11862"}},"subtitle":[],"short-title":[],"issued":{"date-parts":[[2021,4,12]]},"references-count":0,"journal-issue":{"issue":"1","published-online":{"date-parts":[[2021,4,12]]}},"URL":"https:\/\/doi.org\/10.24310\/jpehmjpehmjpehm.v3i111862","relation":{},"ISSN":["2659-5699"],"issn-type":[{"type":"electronic","value":"2659-5699"}],"subject":[],"published":{"date-parts":[[2021,4,12]]}}}