{"status":"ok","message-type":"work","message-version":"1.0.0","message":{"indexed":{"date-parts":[[2024,8,7]],"date-time":"2024-08-07T08:19:25Z","timestamp":1723018765866},"reference-count":0,"publisher":"Revista Eletronica Acervo Saude","issue":"2","content-domain":{"domain":[],"crossmark-restriction":false},"short-container-title":["REAS"],"DOI":"10.25248\/reas344_2018","type":"journal-article","created":{"date-parts":[[2018,8,6]],"date-time":"2018-08-06T21:01:02Z","timestamp":1533589262000},"page":"2013-2020","source":"Crossref","is-referenced-by-count":1,"title":["Perfil social, demogr\u00e1fico e de sa\u00fade de idosos residentes em uma cidade metropolitana de S\u00e3o Paulo, Brasil"],"prefix":"10.25248","volume":"10","author":[{"name":"Universidade de Mogi das Cruzes, S\u00e3o Paulo, Brasil.","sequence":"first","affiliation":[]},{"given":"Ewerton Naves","family":"Dias","sequence":"first","affiliation":[]},{"name":"Faculdade de Psicologia e de Ci\u00eancias da Educa\u00e7\u00e3o, Universidade do Porto.","sequence":"additional","affiliation":[]},{"given":"Jos\u00e9 Lu\u00eds","family":"Pais-Ribeiro","sequence":"additional","affiliation":[]},{"name":"Faculdade de Psicologia e de Ci\u00eancias da Educa\u00e7\u00e3o, Universidade do Porto.","sequence":"additional","affiliation":[]}],"member":"10875","published-online":{"date-parts":[[2018]]},"container-title":["Revista Eletr\u00f4nica Acervo Sa\u00fade"],"original-title":[],"deposited":{"date-parts":[[2018,8,6]],"date-time":"2018-08-06T21:01:03Z","timestamp":1533589263000},"score":1,"resource":{"primary":{"URL":"http:\/\/acervosaud.dominiotemporario.com\/doc\/REAS344.pdf"}},"subtitle":[],"short-title":[],"issued":{"date-parts":[[2018]]},"references-count":0,"journal-issue":{"issue":"2","published-online":{"date-parts":[[2018]]}},"URL":"https:\/\/doi.org\/10.25248\/reas344_2018","relation":{},"ISSN":["2178-2091"],"issn-type":[{"type":"electronic","value":"2178-2091"}],"subject":[],"published":{"date-parts":[[2018]]}}}