{"status":"ok","message-type":"work","message-version":"1.0.0","message":{"indexed":{"date-parts":[[2022,4,1]],"date-time":"2022-04-01T06:44:19Z","timestamp":1648795459769},"reference-count":0,"publisher":"Biblioteca Central da UNB","issue":"2","license":[{"start":{"date-parts":[[2018,12,18]],"date-time":"2018-12-18T00:00:00Z","timestamp":1545091200000},"content-version":"unspecified","delay-in-days":0,"URL":"http:\/\/creativecommons.org\/licenses\/by-nc-nd\/4.0"}],"content-domain":{"domain":[],"crossmark-restriction":false},"short-container-title":["DCEE"],"abstract":"<jats:p>Com o prop\u00f3sito de identificar as lacunas existentes entre as convic\u00e7\u00f5es generalizadas relativamente aos avan\u00e7os da igualdade de g\u00e9nero em contextos profissionais e a forma como essa realidade \u00e9 mediada pela linguagem na imprensa escrita, este trabalho analisa a media\u00e7\u00e3o da igualdade do g\u00e9nero levada a cabo pela revista Marketeer, no ano de 2017, a partir de um corpus constitu\u00eddo por perfis de profissionais da \u00e1rea empresarial, extra\u00eddos das rubricas \u2018Pessoas\u2019 e \u2018Entrevista\u2019. Enquadrado na Lingu\u00edstica Sist\u00e9mico-Funcional (LSF), pretende-se, no presente artigo: (i) identificar a situa\u00e7\u00e3o da representatividade do g\u00e9nero em contexto profissional na imprensa escrita; (ii) analisar as representa\u00e7\u00f5es veiculadas pela revista relativamente ao g\u00e9nero. Em termos metodol\u00f3gicos, a representatividade do g\u00e9nero \u00e9 investigada a partir de uma abordagem descritiva interpretativa de express\u00e3o quantitativa e a representa\u00e7\u00e3o do g\u00e9nero \u00e9 analisada a partir de uma abordagem qualitativa, a partir dos recursos anal\u00edticos l\u00e9xico e transitividade da LSF.<\/jats:p>","DOI":"10.26512\/discursos.v3i2.2018\/20813","type":"journal-article","created":{"date-parts":[[2018,12,19]],"date-time":"2018-12-19T13:48:50Z","timestamp":1545227330000},"page":"1-18","source":"Crossref","is-referenced-by-count":0,"title":["A MEDIA\u00c7\u00c3O DO G\u00c9NERO PELA REVISTA MARKETEER: DA REPRESENTATIVIDADE \u00c0 REPRESENTA\u00c7\u00c3O"],"prefix":"10.26512","volume":"3","author":[{"given":"Carminda","family":"Silvestre","sequence":"first","affiliation":[]},{"given":"Gorete","family":"Marques","sequence":"first","affiliation":[]},{"given":"In\u00eas","family":"Conde","sequence":"first","affiliation":[]}],"member":"11050","published-online":{"date-parts":[[2018,12,18]]},"container-title":["Discursos Contempor\u00e2neos em Estudo"],"original-title":[],"link":[{"URL":"http:\/\/periodicos.unb.br\/index.php\/discursos\/article\/download\/20813\/19177","content-type":"application\/msword","content-version":"vor","intended-application":"text-mining"},{"URL":"http:\/\/periodicos.unb.br\/index.php\/discursos\/article\/download\/20813\/19177","content-type":"unspecified","content-version":"vor","intended-application":"similarity-checking"}],"deposited":{"date-parts":[[2019,2,5]],"date-time":"2019-02-05T08:22:06Z","timestamp":1549354926000},"score":1,"resource":{"primary":{"URL":"http:\/\/periodicos.unb.br\/index.php\/discursos\/article\/view\/20813"}},"subtitle":[],"short-title":[],"issued":{"date-parts":[[2018,12,18]]},"references-count":0,"journal-issue":{"issue":"2","published-online":{"date-parts":[[2018,12,19]]}},"URL":"https:\/\/doi.org\/10.26512\/discursos.v3i2.2018\/20813","relation":{},"ISSN":["2595-3494","2237-7247"],"issn-type":[{"value":"2595-3494","type":"electronic"},{"value":"2237-7247","type":"print"}],"subject":[],"published":{"date-parts":[[2018,12,18]]}}}