{"status":"ok","message-type":"work","message-version":"1.0.0","message":{"indexed":{"date-parts":[[2025,5,14]],"date-time":"2025-05-14T08:34:22Z","timestamp":1747211662812,"version":"3.40.5"},"reference-count":0,"publisher":"Biblioteca Central da UNB","license":[{"start":{"date-parts":[[2021,12,20]],"date-time":"2021-12-20T00:00:00Z","timestamp":1639958400000},"content-version":"unspecified","delay-in-days":0,"URL":"https:\/\/creativecommons.org\/licenses\/by\/4.0"}],"content-domain":{"domain":[],"crossmark-restriction":false},"short-container-title":["Linhas Cr\u00edt."],"abstract":"<jats:p>Apresenta-se um m\u00f3dulo de forma\u00e7\u00e3o inicial de professores cujo objetivo \u00e9 desenvolver a consci\u00eancia cr\u00edtica como marca da profissionalidade docente. Para tanto, solicita-se aos estudantes uma reflex\u00e3o sobre concep\u00e7\u00f5es vigentes de educa\u00e7\u00e3o, num exerc\u00edcio que inclui tr\u00eas passos: explicita\u00e7\u00e3o, argumenta\u00e7\u00e3o e comunica\u00e7\u00e3o. Devido \u00e0 pandemia, o m\u00f3dulo sofreu adapta\u00e7\u00f5es para poder ser realizado a dist\u00e2ncia. Ainda que revelando benef\u00edcios, j\u00e1 antes identificados, foram notadas limita\u00e7\u00f5es que se prenderam, sobretudo, com a falta de din\u00e2micas de intera\u00e7\u00e3o direta.<\/jats:p>","DOI":"10.26512\/lc27202139241","type":"journal-article","created":{"date-parts":[[2024,7,1]],"date-time":"2024-07-01T02:21:06Z","timestamp":1719800466000},"page":"e39241","source":"Crossref","is-referenced-by-count":1,"title":["Desenvolvimento da consci\u00eancia cr\u00edtica na forma\u00e7\u00e3o inicial de professores durante a pandemia","Development of critical consciousness in teacher initial education during the pandemic","Desarrollo de la conciencia cr\u00edtica en la formaci\u00f3n inicial del profesorado durante la pandemia"],"prefix":"10.26512","volume":"27","author":[{"ORCID":"https:\/\/orcid.org\/0000-0002-3324-4074","authenticated-orcid":false,"given":"Maria Helena","family":"Dami\u00e3o","sequence":"first","affiliation":[]},{"ORCID":"https:\/\/orcid.org\/0000-0003-4887-1369","authenticated-orcid":false,"given":"Maria Augusta","family":"Nascimento","sequence":"additional","affiliation":[]}],"member":"11050","published-online":{"date-parts":[[2021,12,20]]},"container-title":["Linhas Cr\u00ed\u00adticas"],"original-title":[],"link":[{"URL":"https:\/\/periodicos.unb.br\/index.php\/linhascriticas\/article\/download\/39241\/31963","content-type":"application\/pdf","content-version":"vor","intended-application":"text-mining"},{"URL":"https:\/\/periodicos.unb.br\/index.php\/linhascriticas\/article\/download\/39241\/31964","content-type":"audio\/mpeg","content-version":"vor","intended-application":"text-mining"},{"URL":"https:\/\/periodicos.unb.br\/index.php\/linhascriticas\/article\/download\/39241\/32705","content-type":"text\/xml","content-version":"vor","intended-application":"text-mining"},{"URL":"https:\/\/periodicos.unb.br\/index.php\/linhascriticas\/article\/download\/39241\/31963","content-type":"unspecified","content-version":"vor","intended-application":"similarity-checking"}],"deposited":{"date-parts":[[2024,7,1]],"date-time":"2024-07-01T02:21:16Z","timestamp":1719800476000},"score":1,"resource":{"primary":{"URL":"https:\/\/periodicos.unb.br\/index.php\/linhascriticas\/article\/view\/39241"}},"subtitle":[],"short-title":[],"issued":{"date-parts":[[2021,12,20]]},"references-count":0,"URL":"https:\/\/doi.org\/10.26512\/lc27202139241","relation":{},"ISSN":["1981-0431","1516-4896"],"issn-type":[{"type":"electronic","value":"1981-0431"},{"type":"print","value":"1516-4896"}],"subject":[],"published":{"date-parts":[[2021,12,20]]}}}