{"status":"ok","message-type":"work","message-version":"1.0.0","message":{"indexed":{"date-parts":[[2026,3,2]],"date-time":"2026-03-02T15:35:49Z","timestamp":1772465749136,"version":"3.50.1"},"reference-count":0,"publisher":"Universidade Federal do Piaui","issue":"1","license":[{"start":{"date-parts":[[2025,12,31]],"date-time":"2025-12-31T00:00:00Z","timestamp":1767139200000},"content-version":"unspecified","delay-in-days":0,"URL":"https:\/\/creativecommons.org\/licenses\/by\/4.0\/"}],"content-domain":{"domain":[],"crossmark-restriction":false},"short-container-title":["Rev Enferm UFPI"],"abstract":"<jats:p>Objetivo: Caracterizar o consumo de tabaco, os conhecimentos, as cren\u00e7as e as atitudes relacionados ao seu uso entre adolescentes do 7\u00ba ano em escola da regi\u00e3o de Lisboa e Vale do Tejo, Portugal. M\u00e9todos: Estudo descritivo, transversal, de natureza explorat\u00f3ria. A amostra incluiu 82 alunos matriculados no 7\u00ba ano do ano letivo de 2022\/2023. As vari\u00e1veis avaliadas foram: caracter\u00edsticas socioecon\u00f4micas, preval\u00eancia do consumo de tabaco, inten\u00e7\u00e3o de experimenta\u00e7\u00e3o e de cessa\u00e7\u00e3o, exposi\u00e7\u00e3o ao fumo ambiental, conhecimentos sobre os malef\u00edcios do tabaco, capacidade de recusa, cren\u00e7as e atitudes. Os dados foram analisados com o software Statistical Package for the Social Sciences. Resultados: A m\u00e9dia de idade foi de 12,8 anos; 56,1% dos participantes eram do sexo masculino. Do total, 11% relataram j\u00e1 ter experimentado fumar e 3,6% eram fumadores. Quando confrontados com a oferta de tabaco, 75,6% afirmaram que recusariam. A maioria reconheceu que o tabaco \u00e9 prejudicial aos pulm\u00f5es (89%), \u00e0 sa\u00fade geral (74,4%) e \u00e0 capacidade f\u00edsica (53,7%). Conclus\u00e3o: Evidencia-se a necessidade de programas preventivos voltados a adolescentes, com foco na promo\u00e7\u00e3o da sa\u00fade e aumento da literacia, tendo a escola como espa\u00e7o privilegiado para a\u00e7\u00f5es comunit\u00e1rias educativas e preventivas.<\/jats:p>","DOI":"10.26694\/reufpi.v14i1.6999","type":"journal-article","created":{"date-parts":[[2026,3,2]],"date-time":"2026-03-02T14:39:46Z","timestamp":1772462386000},"source":"Crossref","is-referenced-by-count":0,"title":["Consumo de tabaco entre adolescentes do 7\u00ba ano em escola da regi\u00e3o de Lisboa e Vale do Tejo, Portugal: estudo transversal","Tobacco use among 7th-grade adolescents in a school in the Lisbon and Tagus Valley region, Portugal: a cross-sectional study"],"prefix":"10.26694","volume":"14","author":[{"ORCID":"https:\/\/orcid.org\/0009-0004-9470-2931","authenticated-orcid":false,"given":"Sofia","family":"Rodrigues","sequence":"first","affiliation":[]},{"ORCID":"https:\/\/orcid.org\/0000-0003-1880-9329","authenticated-orcid":false,"given":"Francisco Lucas de Lima","family":"Fontes","sequence":"additional","affiliation":[]},{"ORCID":"https:\/\/orcid.org\/0000-0003-1587-6462","authenticated-orcid":false,"given":"Ana Benevides","family":"Grossinho","sequence":"additional","affiliation":[]},{"ORCID":"https:\/\/orcid.org\/0000-0001-9254-6083","authenticated-orcid":false,"given":"Laur\u00eancia","family":"Gemito","sequence":"additional","affiliation":[]},{"ORCID":"https:\/\/orcid.org\/0000-0003-1949-9262","authenticated-orcid":false,"given":"Ermelinda","family":"Caldeira","sequence":"additional","affiliation":[]}],"member":"11238","published-online":{"date-parts":[[2025,12,31]]},"container-title":["Revista de Enfermagem da UFPI"],"original-title":[],"link":[{"URL":"https:\/\/periodicos.ufpi.br\/index.php\/reufpi\/article\/download\/6999\/6328","content-type":"application\/pdf","content-version":"vor","intended-application":"text-mining"},{"URL":"https:\/\/periodicos.ufpi.br\/index.php\/reufpi\/article\/download\/6999\/6329","content-type":"application\/pdf","content-version":"vor","intended-application":"text-mining"},{"URL":"https:\/\/periodicos.ufpi.br\/index.php\/reufpi\/article\/download\/6999\/6328","content-type":"unspecified","content-version":"vor","intended-application":"similarity-checking"}],"deposited":{"date-parts":[[2026,3,2]],"date-time":"2026-03-02T14:39:47Z","timestamp":1772462387000},"score":1,"resource":{"primary":{"URL":"https:\/\/periodicos.ufpi.br\/index.php\/reufpi\/article\/view\/6999"}},"subtitle":[],"short-title":[],"issued":{"date-parts":[[2025,12,31]]},"references-count":0,"journal-issue":{"issue":"1","published-online":{"date-parts":[[2025,12,31]]}},"URL":"https:\/\/doi.org\/10.26694\/reufpi.v14i1.6999","relation":{},"ISSN":["2238-7234"],"issn-type":[{"value":"2238-7234","type":"electronic"}],"subject":[],"published":{"date-parts":[[2025,12,31]]}}}