{"status":"ok","message-type":"work","message-version":"1.0.0","message":{"indexed":{"date-parts":[[2026,2,5]],"date-time":"2026-02-05T12:26:31Z","timestamp":1770294391229,"version":"3.49.0"},"reference-count":0,"publisher":"Universidad de Zaragoza","issue":"3","content-domain":{"domain":[],"crossmark-restriction":false},"short-container-title":["Neur\u00f3ptica"],"abstract":"<jats:p>R\u00e9sum\u00e9 : L\u2019orphelin est une figure structurante de la tradition de la bande dessin\u00e9e franco-belge dans la mesure o\u00f9, dans les r\u00e9cits d\u2019aventure, le h\u00e9ros est typiquement un orphelin dont la condition reste non dite, ce qui l\u2019autonomise par rapport \u00e0 la famille, au temps et \u00e0 la m\u00e9moire. Au contraire, la probl\u00e9matisation de la m\u00e9moire individuelle et collective au sein des liens de parent\u00e9 est au coeur des r\u00e9cits m\u00e9moriels historiques. La comparaison de trois r\u00e9cits graphiques en fran\u00e7ais qui th\u00e9matisent la guerre civile espagnole autour du devenir-orphelin\/e du protagoniste ou d\u2019un personnage secondaire nous permet de soutenir qu\u2019entre r\u00e9cit d\u2019aventure et r\u00e9cit m\u00e9moriel historique le rapport est moins de coupure que de torsion \u00e0 la fa\u00e7on de la topologie de la bande de M\u00f6bius.\r\nResumen: El hu\u00e9rfano es una figura estructurante de la tradici\u00f3n de la bande dessin\u00e9e franco-belga en la medida en que el h\u00e9roe de las historietas de aventuras es t\u00edpicamente un hu\u00e9rfano cuya condici\u00f3n queda no dicha, lo que le descuelga de la fam\u00edlia, del tiempo y de la memoria. Por otro lado, la problematizaci\u00f3n de la memoria individual y colectiva dentro de los lazos familiares es prioritaria en el relato memorial hist\u00f3rico. La comparaci\u00f3n de tres narrativas gr\u00e1ficas en franc\u00e9s que tematizan la guerra civil espa\u00f1ola en torno al devenir-hu\u00e9rfano\/a del protagonista o de un personaje secundario, nos permite sostener que la relaci\u00f3n entre relato de aventuras y relato memorial hist\u00f3rico es menos un corte que una torsi\u00f3n a la manera de la topolog\u00eda de la cinta de Moebius.<\/jats:p>","DOI":"10.26754\/ojs_neuroptica\/neuroptica.202137251","type":"journal-article","created":{"date-parts":[[2022,7,25]],"date-time":"2022-07-25T06:19:39Z","timestamp":1658729979000},"page":"21-34","source":"Crossref","is-referenced-by-count":1,"title":["Spirou, Dolores, Lola : La figure de l\u2019orphelin\/e et la memoire de la Guerre Civile Espagnole dans trois recits graphiques en fran\u00e7ais"],"prefix":"10.26754","author":[{"given":"Cristina","family":"\u00c1lvares","sequence":"first","affiliation":[]}],"member":"11292","published-online":{"date-parts":[[2022,7,23]]},"container-title":["Neur\u00f3ptica"],"original-title":[],"link":[{"URL":"https:\/\/papiro.unizar.es\/ojs\/index.php\/neuroptica\/article\/download\/7251\/6124","content-type":"application\/pdf","content-version":"vor","intended-application":"text-mining"},{"URL":"https:\/\/papiro.unizar.es\/ojs\/index.php\/neuroptica\/article\/download\/7251\/6124","content-type":"unspecified","content-version":"vor","intended-application":"similarity-checking"}],"deposited":{"date-parts":[[2022,7,25]],"date-time":"2022-07-25T06:19:39Z","timestamp":1658729979000},"score":1,"resource":{"primary":{"URL":"https:\/\/papiro.unizar.es\/ojs\/index.php\/neuroptica\/article\/view\/7251"}},"subtitle":[],"short-title":[],"issued":{"date-parts":[[2022,7,23]]},"references-count":0,"journal-issue":{"issue":"3","published-online":{"date-parts":[[2022,7,23]]}},"URL":"https:\/\/doi.org\/10.26754\/ojs_neuroptica\/neuroptica.202137251","relation":{},"ISSN":["2660-7069","2478-9127"],"issn-type":[{"value":"2660-7069","type":"electronic"},{"value":"2478-9127","type":"print"}],"subject":[],"published":{"date-parts":[[2022,7,23]]}}}