{"status":"ok","message-type":"work","message-version":"1.0.0","message":{"indexed":{"date-parts":[[2025,2,21]],"date-time":"2025-02-21T23:15:30Z","timestamp":1740179730423,"version":"3.37.3"},"reference-count":0,"publisher":"Universidade Federal de Alogoas","issue":"22","license":[{"start":{"date-parts":[[2018,12,21]],"date-time":"2018-12-21T00:00:00Z","timestamp":1545350400000},"content-version":"unspecified","delay-in-days":0,"URL":"http:\/\/creativecommons.org\/licenses\/by-nc-nd\/4.0"}],"content-domain":{"domain":[],"crossmark-restriction":false},"short-container-title":["RDE"],"abstract":"<jats:p>Numa nova era digital, m\u00f3vel, leve e l\u00edquida, num mundo estruturado de uma forma complexa, ub\u00edquo e h\u00edbrido, onde coabitam o anal\u00f3gico e o digital, o real e o virtual, o humano e a m\u00e1quina, o offline e o online, do reconhecimento de que vivemos numa nova ordem social, cultural, econ\u00f4mica, pol\u00edtica e da vertiginosa evolu\u00e7\u00e3o das tecnologias deparamo-nos com a necessidade de focar a discuss\u00e3o na constru\u00e7\u00e3o de novos espa\u00e7os de aprendizagem, como os ecossistemas digitais em rede. S\u00e3o as percep\u00e7\u00f5es dos professores em processo de forma\u00e7\u00e3o relativamente \u00e0 import\u00e2ncia dos ecossistemas digitais em rede que analisamos neste texto.<\/jats:p>","DOI":"10.28998\/2175-6600.2018v10n22p107-120","type":"journal-article","created":{"date-parts":[[2018,12,24]],"date-time":"2018-12-24T18:46:30Z","timestamp":1545677190000},"page":"107-120","source":"Crossref","is-referenced-by-count":3,"title":["Definindo ecossistema de aprendizagem digital em rede: percep\u00e7\u00f5es de professores envolvidos em processos de forma\u00e7\u00e3o"],"prefix":"10.28998","volume":"10","author":[{"ORCID":"https:\/\/orcid.org\/0000-0003-0147-0592","authenticated-orcid":false,"given":"Jos\u00e9 Ant\u00f3nio Marques","family":"Moreira","sequence":"first","affiliation":[]},{"ORCID":"https:\/\/orcid.org\/0000-0001-8266-1969","authenticated-orcid":false,"given":"Rosa Maria","family":"Rigo","sequence":"additional","affiliation":[]}],"member":"11542","published-online":{"date-parts":[[2018,12,21]]},"container-title":["Debates em Educa\u00e7\u00e3o"],"original-title":[],"link":[{"URL":"https:\/\/seer.ufal.br\/index.php\/debateseducacao\/article\/download\/5303\/pdf","content-type":"application\/pdf","content-version":"vor","intended-application":"text-mining"},{"URL":"https:\/\/seer.ufal.br\/index.php\/debateseducacao\/article\/download\/5303\/pdf","content-type":"unspecified","content-version":"vor","intended-application":"similarity-checking"}],"deposited":{"date-parts":[[2024,3,25]],"date-time":"2024-03-25T12:38:51Z","timestamp":1711370331000},"score":1,"resource":{"primary":{"URL":"https:\/\/seer.ufal.br\/index.php\/debateseducacao\/article\/view\/5303"}},"subtitle":[],"short-title":[],"issued":{"date-parts":[[2018,12,21]]},"references-count":0,"journal-issue":{"issue":"22","published-online":{"date-parts":[[2018,12,21]]}},"URL":"https:\/\/doi.org\/10.28998\/2175-6600.2018v10n22p107-120","relation":{},"ISSN":["2175-6600"],"issn-type":[{"type":"electronic","value":"2175-6600"}],"subject":[],"published":{"date-parts":[[2018,12,21]]}}}