{"status":"ok","message-type":"work","message-version":"1.0.0","message":{"indexed":{"date-parts":[[2025,8,30]],"date-time":"2025-08-30T17:16:23Z","timestamp":1756574183397,"version":"3.37.3"},"reference-count":0,"publisher":"Revista EDAPECI","issue":"3","license":[{"start":{"date-parts":[[2019,12,9]],"date-time":"2019-12-09T00:00:00Z","timestamp":1575849600000},"content-version":"unspecified","delay-in-days":0,"URL":"http:\/\/creativecommons.org\/licenses\/by-nc-nd\/4.0"}],"content-domain":{"domain":[],"crossmark-restriction":false},"short-container-title":["REDaPECI"],"abstract":"<jats:p>Cada vez mais a sociedade vem impondo diferentes exig\u00eancias \u00e0 prepara\u00e7\u00e3o dos estudantes para a vida ativa, numa intera\u00e7\u00e3o entre Educa\u00e7\u00e3o e profiss\u00e3o. E \u00e9 neste contexto que se t\u00eam discutido as finalidades do Ensino Superior e a efic\u00e1cia dos seus m\u00e9todos de ensino e aprendizagem, iniciada com o Processo de Bolonha. A complexidade de um mercado global e competitivo implica a mudan\u00e7a de paradigma, para um ensino e aprendizagem centrado no estudante, enquanto ator neste processo. Assim, o objetivo deste estudo consiste em analisar a aplica\u00e7\u00e3o de metodologias e estrat\u00e9gias de ensino e aprendizagem ativas no Ensino Superior, segundo as perce\u00e7\u00f5es de professores de um curso de Psicologia, de uma institui\u00e7\u00e3o do Ensino Superior p\u00fablico brasileiro. Foi selecionada uma metodologia qualitativa, com recurso a entrevistas semiestruturadas, a docentes dos dois \u00faltimos anos do curso em an\u00e1lise, sujeitas a an\u00e1lise de conte\u00fado. Podemos constatar que, neste estudo de caso, os docentes revelam consci\u00eancia da import\u00e2ncia da articula\u00e7\u00e3o e flexibiliza\u00e7\u00e3o curricular e da aplica\u00e7\u00e3o de metodologias ativas, baseadas na resolu\u00e7\u00e3o de problemas reais e no uso de novas tecnologias. Contudo, assumem precisar de mais forma\u00e7\u00e3o, auto e hetero, formal e entre pares, para mais inova\u00e7\u00e3o e qualidade do ensino e aprendizagem.\u00a0Palavras-chave: Articula\u00e7\u00e3o e flexibiliza\u00e7\u00e3o curricular; Desenvolvimento das compet\u00eancias dos estudantes; interdisciplinaridade; Metodologias ativas de ensino e aprendizagem.<\/jats:p>","DOI":"10.29276\/redapeci.2019.19.312147.122-132","type":"journal-article","created":{"date-parts":[[2019,12,9]],"date-time":"2019-12-09T21:16:46Z","timestamp":1575926206000},"page":"122-132","source":"Crossref","is-referenced-by-count":6,"title":["Metodologias ativas para a inova\u00e7\u00e3o e qualidade do ensino e aprendizagem no ensino superior"],"prefix":"10.29276","volume":"19","author":[{"ORCID":"https:\/\/orcid.org\/0000-0002-0290-747X","authenticated-orcid":false,"given":"Alcina Manuela Oliveira","family":"Martins","sequence":"first","affiliation":[]},{"given":"Maria de Nazar\u00e9","family":"Coimbra","sequence":"additional","affiliation":[]},{"given":"Jos\u00e9 Ant\u00f3nio","family":"Oliveira","sequence":"additional","affiliation":[]},{"given":"Ariana Souza","family":"Maturano","sequence":"additional","affiliation":[]}],"member":"11833","published-online":{"date-parts":[[2019,12,9]]},"container-title":["Revista EDaPECI"],"original-title":[],"link":[{"URL":"https:\/\/seer.ufs.br\/index.php\/edapeci\/article\/download\/12147\/pdf","content-type":"application\/pdf","content-version":"vor","intended-application":"text-mining"},{"URL":"https:\/\/seer.ufs.br\/index.php\/edapeci\/article\/download\/12147\/pdf","content-type":"unspecified","content-version":"vor","intended-application":"similarity-checking"}],"deposited":{"date-parts":[[2022,4,6]],"date-time":"2022-04-06T20:59:10Z","timestamp":1649278750000},"score":1,"resource":{"primary":{"URL":"https:\/\/seer.ufs.br\/index.php\/edapeci\/article\/view\/12147"}},"subtitle":[],"short-title":[],"issued":{"date-parts":[[2019,12,9]]},"references-count":0,"journal-issue":{"issue":"3","published-online":{"date-parts":[[2019,12,9]]}},"URL":"https:\/\/doi.org\/10.29276\/redapeci.2019.19.312147.122-132","relation":{},"ISSN":["2176-171X"],"issn-type":[{"type":"electronic","value":"2176-171X"}],"subject":[],"published":{"date-parts":[[2019,12,9]]}}}