{"status":"ok","message-type":"work","message-version":"1.0.0","message":{"indexed":{"date-parts":[[2026,2,22]],"date-time":"2026-02-22T19:58:22Z","timestamp":1771790302407,"version":"3.50.1"},"publisher-location":"Recife, Brasil","reference-count":0,"publisher":"Even3","content-domain":{"domain":[],"crossmark-restriction":false},"short-container-title":[],"DOI":"10.29327\/9786527221616.1124807","type":"proceedings-article","created":{"date-parts":[[2026,1,29]],"date-time":"2026-01-29T12:00:06Z","timestamp":1769688006000},"source":"Crossref","is-referenced-by-count":0,"title":["Neocolonial, uma Perspetiva Etnogr\u00e1fica"],"prefix":"10.29327","author":[{"given":"Jos\u00e9 Miguel","family":"Rodrigues","sequence":"first","affiliation":[]},{"given":"Joana","family":"Couceiro","sequence":"additional","affiliation":[]}],"member":"11875","published-online":{"date-parts":[[2026]]},"event":{"name":"Arquitetura Neocolonial: Balan\u00e7o cr\u00edtico e novas perspectivas","location":"SP","number":"1","start":{"date-parts":[[2025,5,28]]},"end":{"date-parts":[[2025,5,30]]}},"container-title":["Anais do semin\u00e1rio internacional Arquitetura neocolonial: Balan\u00e7o cr\u00edtico e novas perspectivas"],"original-title":[],"deposited":{"date-parts":[[2026,2,22]],"date-time":"2026-02-22T19:00:09Z","timestamp":1771786809000},"score":1,"resource":{"primary":{"URL":"https:\/\/www.even3.com.br\/anais\/arquitetura-neocolonial-balanco-critico-e-novas-perspectivas-520000\/1124807-neocolonial-uma-perspetiva-etnografica"}},"subtitle":[],"short-title":[],"issued":{"date-parts":[[2026]]},"references-count":0,"URL":"https:\/\/doi.org\/10.29327\/9786527221616.1124807","relation":{},"subject":[],"published":{"date-parts":[[2026]]}}}