{"status":"ok","message-type":"work","message-version":"1.0.0","message":{"indexed":{"date-parts":[[2026,3,16]],"date-time":"2026-03-16T11:49:38Z","timestamp":1773661778663,"version":"3.50.1"},"reference-count":0,"publisher":"Associacao Portuguesa de Sociologia","issue":"39","content-domain":{"domain":[],"crossmark-restriction":false},"short-container-title":["SOCONLINE"],"abstract":"<jats:p>Este n\u00famero da SOCIOLOGIA ON LINE \u00e9 organizado pela Sec\u00e7\u00e3o Tem\u00e1tica \u201cTrabalho, Organiza\u00e7\u00f5es e Profiss\u00f5es\u201d da Associa\u00e7\u00e3o Portuguesa de Sociologia (APS). O conjunto de textos aqui reunidos resulta de uma sele\u00e7\u00e3o que fizemos de um volume diversificado de comunica\u00e7\u00f5es resultantes do XII Congresso da APS, acolhido na Faculdade de Economia da Universidade de Coimbra entre 4 e 6 de abril de 2023, e tendo como tema de fundo Sociedades Polarizadas? Desafios para a Sociologia.\n\nSendo o mundo do trabalho composto por uma diversidade de espa\u00e7os e de tempos prop\u00edcios \u00e0 conflu\u00eancia de pessoas, organiza\u00e7\u00f5es e profiss\u00f5es, bem como \u00e0 constru\u00e7\u00e3o de expectativas e significados, n\u00e3o raras vezes encontramos nele focos de polariza\u00e7\u00e3o, a\u00e7\u00f5es e comportamentos que clamam quer por ajustamentos, quer por resist\u00eancias. Quanto temos por refer\u00eancia velhos atores (isto \u00e9, organiza\u00e7\u00f5es seculares como os sindicatos, por exemplo), um dos desafios contempor\u00e2neos que mais se lhes coloca \u00e9 o da abertura ao exterior, isto \u00e9, um exerc\u00edcio de capacita\u00e7\u00e3o de outras identidades (muitas vezes emergentes), que clamam por voz no mundo do trabalho ainda que sejam recorrentemente deixadas \u00e0 margem. As express\u00f5es \u201csindicalismo de movimento social\u201d (Waterman, 1993, 1998), \u201cnovo sindicalismo social\u201d (Waterman, 1999, 2012), \u201csindicalismo cidad\u00e3o\u201d (V\u00e9ras de Oliveira, 2011) s\u00e3o apenas algumas a que subjaz esse prop\u00f3sito de abertura. Ali\u00e1s, na literatura sobre recursos de poder sindical (Costa et al., 2020; Crouch, 2017; Lehndorff et al., 2017; L\u00e9vesque &amp; Murray, 2010), a men\u00e7\u00e3o ao \u201cpoder societal\u201d \u2014 assente na constru\u00e7\u00e3o de narrativas orientadas para a sociedade como um todo (e n\u00e3o apenas para o mundo do trabalho tout court) e na constru\u00e7\u00e3o de redes e coliga\u00e7\u00f5es com outras organiza\u00e7\u00f5es da sociedade civil que partilhem problemas comuns \u2014 faz-se acompanhar de uma ambi\u00e7\u00e3o semelhante. Em sentido contr\u00e1rio, por\u00e9m, a emerg\u00eancia de investidas populistas um pouco por toda a Europa contribui mais para a edifica\u00e7\u00e3o de barreiras e extremismos do que para a conviv\u00eancia democr\u00e1tica e pac\u00edfica. Ou seja, tais investidas j\u00e1 n\u00e3o reclamam abertura, mas antes fechamento face ao exterior, j\u00e1 n\u00e3o s\u00e3o indutoras de adapta\u00e7\u00e3o, mas de resist\u00eancia de molde a evitar o avan\u00e7o de estrat\u00e9gias n\u00e3o democr\u00e1ticas e potencialmente colonizadoras do mundo do trabalho e da vida social.<\/jats:p>","DOI":"10.30553\/sociologiaonline.2025.39.8","type":"journal-article","created":{"date-parts":[[2026,3,16]],"date-time":"2026-03-16T10:50:37Z","timestamp":1773658237000},"page":"1-10","source":"Crossref","is-referenced-by-count":0,"title":["\u201cVelhos\u201d atores, novas formas de trabalho e governa\u00e7\u00e3o das rela\u00e7\u00f5es laborais"],"prefix":"10.30553","author":[{"ORCID":"https:\/\/orcid.org\/0000-0001-7873-4440","authenticated-orcid":false,"given":"Hermes Augusto","family":"Costa","sequence":"first","affiliation":[{"id":[{"id":"https:\/\/ror.org\/04z8k9a98","id-type":"ROR","asserted-by":"publisher"}],"name":"Universidade de Coimbra, Faculdade de Economia, Centro de Estudos Sociais. Avenida Dias da Silva, 165, 3004-512, Coimbra, Portugal"}]},{"ORCID":"https:\/\/orcid.org\/0000-0002-9458-2915","authenticated-orcid":false,"given":"Ana Paula","family":"Marques","sequence":"additional","affiliation":[{"id":[{"id":"https:\/\/ror.org\/037wpkx04","id-type":"ROR","asserted-by":"publisher"}],"name":"Universidade do Minho, Centro de Estudos de Comunica\u00e7\u00e3o e Sociedade. Instituto de Ci\u00eancias Sociais, Campus de Gualtar, 4710-057 Braga, Portugal"}]},{"ORCID":"https:\/\/orcid.org\/0000-0003-0705-0302","authenticated-orcid":false,"given":"Paula","family":"Urze","sequence":"additional","affiliation":[{"id":[{"id":"https:\/\/ror.org\/02xankh89","id-type":"ROR","asserted-by":"publisher"}],"name":"Universidade Nova de Lisboa, Faculdade de Ci\u00eancias e Tecnologia, Centro Interuniversit\u00e1rio de Hist\u00f3ria das Ci\u00eancias e da Tecnologia (CIUHCT). 2829-516, Caparica, Almada, Portugal"}]}],"member":"12004","published-online":{"date-parts":[[2025,12,30]]},"container-title":["SOCIOLOGIA ON LINE"],"original-title":[],"deposited":{"date-parts":[[2026,3,16]],"date-time":"2026-03-16T10:50:38Z","timestamp":1773658238000},"score":1,"resource":{"primary":{"URL":"https:\/\/revista.aps.pt\/wp-content\/uploads\/2026\/03\/SociologiaAPS202539Editorial.pdf"}},"subtitle":[],"short-title":[],"issued":{"date-parts":[[2025,12,30]]},"references-count":0,"journal-issue":{"issue":"39","published-online":{"date-parts":[[2025,12,30]]}},"URL":"https:\/\/doi.org\/10.30553\/sociologiaonline.2025.39.8","relation":{},"ISSN":["1647-3337"],"issn-type":[{"value":"1647-3337","type":"electronic"}],"subject":[],"published":{"date-parts":[[2025,12,30]]}}}